{"id":84997,"date":"2026-03-05T08:06:01","date_gmt":"2026-03-05T12:06:01","guid":{"rendered":"https:\/\/mediamonitorbo.com.bo\/?p=18892"},"modified":"2026-03-05T08:06:01","modified_gmt":"2026-03-05T12:06:01","slug":"bolivia-registro-inflacion-negativa-de-062-en-febrero-y-la-acumulada-en-el-2026-es-de-068","status":"publish","type":"post","link":"https:\/\/jms.com.bo\/mediamonitor\/2026\/03\/05\/bolivia-registro-inflacion-negativa-de-062-en-febrero-y-la-acumulada-en-el-2026-es-de-068\/","title":{"rendered":"Bolivia registr\u00f3 inflaci\u00f3n negativa de -0,62 % en febrero y la acumulada en el 2026 es de 0,68 %"},"content":{"rendered":"<p style=\"text-align: justify\">Bolivia registr\u00f3 en febrero pasado una inflaci\u00f3n negativa o deflaci\u00f3n de -0,62 % en comparaci\u00f3n al mes anterior y la acumulada en el primer bimestre del a\u00f1o se sit\u00faa en 0,68 %, seg\u00fan un informe difundido este mi\u00e9rcoles por el Instituto Nacional de Estad\u00edstica (INE).<\/p>\n<p style=\"text-align: justify\">En enero pasado los precios aumentaron un 1,31 %. Adem\u00e1s el dato de febrero de este a\u00f1o es inferior al del mismo mes del 2025 cuando se registr\u00f3 una inflaci\u00f3n de 1,26 %. Adem\u00e1s es el dato mensual m\u00e1s bajo desde septiembre del 2020 cuando se inform\u00f3 que el \u00cdndice de Precios al Consumidor (IPC) disminuy\u00f3 -1,00 %.<\/p>\n<p style=\"text-align: justify\">El gobierno de Rodrigo Paz Pereira no ha hecho a\u00fan una estimaci\u00f3n formal sobre la inflaci\u00f3n para todo el 2026, pero estima que oscilar\u00e1 entre 12 y 17 %. El pron\u00f3stico incluido en el Presupuesto General del Estado (PGE) 2026, elaborado en la gesti\u00f3n 2026 calcula un 10,1 %.<\/p>\n<p style=\"text-align: justify\">Seg\u00fan el reporte del INE, en febrero se incrementaron los costos del queso, educaci\u00f3n superior universitaria, pan corriente, el salario de las trabajadoras del hogar, productos de papeler\u00eda y la papaya. Por el contrario, mermaron su precio la carne de pollo, tomate, transporte interdepartamental en \u00f3mnibus, cebolla, papa y protector solar.<\/p>\n<p style=\"text-align: justify\">Entre las 12 divisiones que monitorea cada mes el INE, la de alimentos y bebidas no alcoh\u00f3licas tuvo una disminuci\u00f3n de -1,44 %, mientras que las bebidas alcoh\u00f3licas y el tabaco subieron un 0,78 %. El transportes tambi\u00e9n tuvo una baja en precios de -0,77 %.<\/p>\n<p style=\"text-align: justify\">A nivel de ciudades y regiones metropolitanas, hubo disminuci\u00f3n en seis de las nueve. El reporte se\u00f1ala que la Conurbaci\u00f3n La Paz fue la que registr\u00f3 mayor disminuci\u00f3n de precios con -0,96 %, seguido de la Conurbaci\u00f3n Santa Cruz con 0,62 % y Oruro con 0,58 %. Trinidad fue la m\u00e1s inflacionaria con 0,87 %.<\/p>\n<p style=\"text-align: justify\">En la Conurbaci\u00f3n Santa Cruz, que incluye los municipios de la capital, La Guardia, Cotoca y Warnes, los productos o servicios que subieron de precio fueron el queso, entradas al cine, educaci\u00f3n universitaria, educaci\u00f3n superior, medicamentos para la presi\u00f3n arterial y cortes de cabello.<\/p>\n<p style=\"text-align: justify\">A su vez, disminuyeron su costo el transporte interdepartamental de \u00f3mnibus, carne de pollo, tomate, desodorante, servicio de dentista y papel higi\u00e9nico.<\/p>\n","protected":false},"excerpt":{"rendered":"<p>Bolivia registr\u00f3 en febrero pasado una inflaci\u00f3n negativa o deflaci\u00f3n de -0,62 % en comparaci\u00f3n al mes anterior y la acumulada en el primer bimestre del a\u00f1o se sit\u00faa en 0,68 %, seg\u00fan un informe difundido este mi\u00e9rcoles por el Instituto Nacional de Estad\u00edstica (INE). En enero pasado los precios aumentaron un 1,31 %. Adem\u00e1s [&hellip;]<\/p>\n","protected":false},"author":1,"featured_media":84998,"comment_status":"closed","ping_status":"open","sticky":false,"template":"","format":"standard","meta":{"footnotes":""},"categories":[25,45,48],"tags":[],"class_list":{"0":"post-84997","1":"post","2":"type-post","3":"status-publish","4":"format-standard","5":"has-post-thumbnail","7":"category-economia","8":"category-portada-economia","9":"category-portada-general-sitio"},"_links":{"self":[{"href":"https:\/\/jms.com.bo\/mediamonitor\/wp-json\/wp\/v2\/posts\/84997","targetHints":{"allow":["GET"]}}],"collection":[{"href":"https:\/\/jms.com.bo\/mediamonitor\/wp-json\/wp\/v2\/posts"}],"about":[{"href":"https:\/\/jms.com.bo\/mediamonitor\/wp-json\/wp\/v2\/types\/post"}],"author":[{"embeddable":true,"href":"https:\/\/jms.com.bo\/mediamonitor\/wp-json\/wp\/v2\/users\/1"}],"replies":[{"embeddable":true,"href":"https:\/\/jms.com.bo\/mediamonitor\/wp-json\/wp\/v2\/comments?post=84997"}],"version-history":[{"count":0,"href":"https:\/\/jms.com.bo\/mediamonitor\/wp-json\/wp\/v2\/posts\/84997\/revisions"}],"wp:featuredmedia":[{"embeddable":true,"href":"https:\/\/jms.com.bo\/mediamonitor\/wp-json\/wp\/v2\/media\/84998"}],"wp:attachment":[{"href":"https:\/\/jms.com.bo\/mediamonitor\/wp-json\/wp\/v2\/media?parent=84997"}],"wp:term":[{"taxonomy":"category","embeddable":true,"href":"https:\/\/jms.com.bo\/mediamonitor\/wp-json\/wp\/v2\/categories?post=84997"},{"taxonomy":"post_tag","embeddable":true,"href":"https:\/\/jms.com.bo\/mediamonitor\/wp-json\/wp\/v2\/tags?post=84997"}],"curies":[{"name":"wp","href":"https:\/\/api.w.org\/{rel}","templated":true}]}}