{"id":84999,"date":"2026-03-05T08:09:45","date_gmt":"2026-03-05T12:09:45","guid":{"rendered":"https:\/\/mediamonitorbo.com.bo\/?p=18895"},"modified":"2026-03-05T08:09:45","modified_gmt":"2026-03-05T12:09:45","slug":"plan-de-gobierno-felix-patzi-propone-industrializacion-represas-energia-solar-y-turismo-para-reactivar-la-paz","status":"publish","type":"post","link":"https:\/\/jms.com.bo\/mediamonitor\/2026\/03\/05\/plan-de-gobierno-felix-patzi-propone-industrializacion-represas-energia-solar-y-turismo-para-reactivar-la-paz\/","title":{"rendered":"Plan de gobierno: F\u00e9lix Patzi propone industrializaci\u00f3n, represas, energ\u00eda solar y turismo para reactivar La Paz"},"content":{"rendered":"<p style=\"text-align: justify\">En el marco de las elecciones subnacionales, el candidato a la Gobernaci\u00f3n de La Paz por el Movimiento Tercer Sistema (MTS), F\u00e9lix Patzi, present\u00f3 un plan de reactivaci\u00f3n econ\u00f3mica que incluye la construcci\u00f3n de un puerto seco, una planta de energ\u00eda solar, represa de agua en las provincias, la industrializaci\u00f3n de residuos y el impulso al turismo.<\/p>\n<p style=\"text-align: justify\">\u201cPasar de una econom\u00eda de subsistencia a una econom\u00eda de acumulaci\u00f3n. As\u00ed vamos a crecer como departamento\u201d, afirm\u00f3 Patzi durante un acto de campa\u00f1a.<\/p>\n<p style=\"text-align: justify\">El candidato prioriz\u00f3 tres ejes en su propuesta: desarrollo econ\u00f3mico, bienestar social y equilibrio ambiental. Entre las medidas destacadas se incluyen la construcci\u00f3n de represas en distintos municipios, un puerto seco para fomentar emprendimientos, generaci\u00f3n de energ\u00eda solar para abastecer el mercado interno, industrializaci\u00f3n de residuos para generar ingresos y el fortalecimiento del turismo.<\/p>\n<p style=\"text-align: justify\">Adem\u00e1s, Patzi plante\u00f3 potenciar la producci\u00f3n agr\u00edcola, el cuidado del medio ambiente y el desarrollo de la cultura, la educaci\u00f3n y la salud. El candidato asegur\u00f3 que su experiencia en gesti\u00f3n p\u00fablica le permite liderar la reactivaci\u00f3n econ\u00f3mica del departamento pace\u00f1o.<\/p>\n<p style=\"text-align: justify\">F\u00e9lix Patzi Paco, oriundo de la provincia Aroma, es soci\u00f3logo y docente universitario. Fue ministro de Educaci\u00f3n entre 2006 y 2007 durante la gesti\u00f3n de Evo Morales y gobernador de La Paz entre 2015 y 2021.<\/p>\n<p style=\"text-align: justify\">El Movimiento Tercer Sistema present\u00f3 oficialmente los detalles de la propuesta al \u00d3rgano Electoral.<\/p>\n","protected":false},"excerpt":{"rendered":"<p>En el marco de las elecciones subnacionales, el candidato a la Gobernaci\u00f3n de La Paz por el Movimiento Tercer Sistema (MTS), F\u00e9lix Patzi, present\u00f3 un plan de reactivaci\u00f3n econ\u00f3mica que incluye la construcci\u00f3n de un puerto seco, una planta de energ\u00eda solar, represa de agua en las provincias, la industrializaci\u00f3n de residuos y el impulso [&hellip;]<\/p>\n","protected":false},"author":1,"featured_media":85000,"comment_status":"closed","ping_status":"open","sticky":false,"template":"","format":"standard","meta":{"footnotes":""},"categories":[39,44,48],"tags":[],"class_list":{"0":"post-84999","1":"post","2":"type-post","3":"status-publish","4":"format-standard","5":"has-post-thumbnail","7":"category-energia","8":"category-portada-energia","9":"category-portada-general-sitio"},"_links":{"self":[{"href":"https:\/\/jms.com.bo\/mediamonitor\/wp-json\/wp\/v2\/posts\/84999","targetHints":{"allow":["GET"]}}],"collection":[{"href":"https:\/\/jms.com.bo\/mediamonitor\/wp-json\/wp\/v2\/posts"}],"about":[{"href":"https:\/\/jms.com.bo\/mediamonitor\/wp-json\/wp\/v2\/types\/post"}],"author":[{"embeddable":true,"href":"https:\/\/jms.com.bo\/mediamonitor\/wp-json\/wp\/v2\/users\/1"}],"replies":[{"embeddable":true,"href":"https:\/\/jms.com.bo\/mediamonitor\/wp-json\/wp\/v2\/comments?post=84999"}],"version-history":[{"count":0,"href":"https:\/\/jms.com.bo\/mediamonitor\/wp-json\/wp\/v2\/posts\/84999\/revisions"}],"wp:featuredmedia":[{"embeddable":true,"href":"https:\/\/jms.com.bo\/mediamonitor\/wp-json\/wp\/v2\/media\/85000"}],"wp:attachment":[{"href":"https:\/\/jms.com.bo\/mediamonitor\/wp-json\/wp\/v2\/media?parent=84999"}],"wp:term":[{"taxonomy":"category","embeddable":true,"href":"https:\/\/jms.com.bo\/mediamonitor\/wp-json\/wp\/v2\/categories?post=84999"},{"taxonomy":"post_tag","embeddable":true,"href":"https:\/\/jms.com.bo\/mediamonitor\/wp-json\/wp\/v2\/tags?post=84999"}],"curies":[{"name":"wp","href":"https:\/\/api.w.org\/{rel}","templated":true}]}}