{"id":85009,"date":"2026-03-06T07:55:49","date_gmt":"2026-03-06T11:55:49","guid":{"rendered":"https:\/\/mediamonitorbo.com.bo\/?p=18913"},"modified":"2026-03-06T07:55:49","modified_gmt":"2026-03-06T11:55:49","slug":"campana-contra-el-sarampion-inicia-el-9-de-marzo-llegaron-21-millones-de-vacunas","status":"publish","type":"post","link":"https:\/\/jms.com.bo\/mediamonitor\/2026\/03\/06\/campana-contra-el-sarampion-inicia-el-9-de-marzo-llegaron-21-millones-de-vacunas\/","title":{"rendered":"Campa\u00f1a contra el sarampi\u00f3n inicia el 9 de marzo; llegaron 2,1 millones de vacunas"},"content":{"rendered":"<p style=\"text-align: justify\">La ministra de Salud y Deportes, Marisela Tatiana Flores Zambrana, lanz\u00f3 este mi\u00e9rcoles 4 de marzo la Campa\u00f1a Nacional de Vacunaci\u00f3n contra el Sarampi\u00f3n, que proyecta aplicar 2.137.800 dosis en todo el pa\u00eds con el objetivo de evitar la p\u00e9rdida de la certificaci\u00f3n de Bolivia como territorio libre de esta enfermedad, public\u00f3 ABI.<\/p>\n<p style=\"text-align: justify\">El acto se realiz\u00f3 en la unidad educativa Hermann Gmeiner, ubicada en la zona oeste de Santa Cruz de la Sierra, donde la autoridad alert\u00f3 sobre el riesgo sanitario que implica un eventual rebrote.<\/p>\n<p style=\"text-align: justify\">\u201cAl estar cerca de perder nuestra certificaci\u00f3n como pa\u00eds libre de sarampi\u00f3n, debemos considerar que no se trata solo de un documento; significa que existe la posibilidad de que un ni\u00f1o o ni\u00f1a sufra secuelas severas, como la encefalitis\u201d, se\u00f1al\u00f3.<\/p>\n<p style=\"text-align: justify\">Meta y alcance nacional<\/p>\n<p style=\"text-align: justify\">Flores detall\u00f3 que la campa\u00f1a busca inmunizar a 337.800 ni\u00f1os menores de cuatro a\u00f1os y a 1.800.000 ni\u00f1os y adolescentes de entre 5 y 19 a\u00f1os. En total, la meta nacional alcanza las 2.137.800 dosis.<\/p>\n<p style=\"text-align: justify\">La campa\u00f1a comenzar\u00e1 el lunes 9 de marzo en el municipio de Santa Cruz de la Sierra. Posteriormente, se extender\u00e1 a otros 20 municipios del departamento donde se reportaron casos y, en una siguiente fase, abarcar\u00e1 todas las provincias y municipios del pa\u00eds.<\/p>\n<p style=\"text-align: justify\">Unidades educativas, eje de prevenci\u00f3n<\/p>\n<p style=\"text-align: justify\">Durante el lanzamiento tambi\u00e9n particip\u00f3 la ministra de Educaci\u00f3n, Beatriz Garc\u00eda, quien subray\u00f3 la importancia de la vacunaci\u00f3n para garantizar la continuidad de las actividades escolares.<\/p>\n<p style=\"text-align: justify\">\u201cSi queremos asegurar los 200 d\u00edas de clases, debemos contar con unidades educativas seguras y con ni\u00f1os y j\u00f3venes sanos. De esa manera podremos dar el primer paso para garantizar la calidad de la educaci\u00f3n en Bolivia\u201d, afirm\u00f3.<\/p>\n<p style=\"text-align: justify\">La autoridad educativa convoc\u00f3 a directores, maestros, padres de familia y estudiantes a asumir un compromiso activo con la campa\u00f1a.<\/p>\n<p style=\"text-align: justify\">\u201cEl 80% de los casos se presenta en el municipio de Santa Cruz, por lo que debemos ser conscientes y responsables. Ser parte de la soluci\u00f3n implica vacunar a nuestros ni\u00f1os y j\u00f3venes desde las unidades educativas, con directores comprometidos en esta campa\u00f1a contra el sarampi\u00f3n. Esta es una tarea de todos: madres, padres y maestros que deben transmitir la importancia de la vacuna\u201d, enfatiz\u00f3.<\/p>\n","protected":false},"excerpt":{"rendered":"<p>La ministra de Salud y Deportes, Marisela Tatiana Flores Zambrana, lanz\u00f3 este mi\u00e9rcoles 4 de marzo la Campa\u00f1a Nacional de Vacunaci\u00f3n contra el Sarampi\u00f3n, que proyecta aplicar 2.137.800 dosis en todo el pa\u00eds con el objetivo de evitar la p\u00e9rdida de la certificaci\u00f3n de Bolivia como territorio libre de esta enfermedad, public\u00f3 ABI. El acto [&hellip;]<\/p>\n","protected":false},"author":1,"featured_media":0,"comment_status":"closed","ping_status":"open","sticky":false,"template":"","format":"standard","meta":{"footnotes":""},"categories":[53],"tags":[],"class_list":{"0":"post-85009","1":"post","2":"type-post","3":"status-publish","4":"format-standard","6":"category-salud"},"_links":{"self":[{"href":"https:\/\/jms.com.bo\/mediamonitor\/wp-json\/wp\/v2\/posts\/85009","targetHints":{"allow":["GET"]}}],"collection":[{"href":"https:\/\/jms.com.bo\/mediamonitor\/wp-json\/wp\/v2\/posts"}],"about":[{"href":"https:\/\/jms.com.bo\/mediamonitor\/wp-json\/wp\/v2\/types\/post"}],"author":[{"embeddable":true,"href":"https:\/\/jms.com.bo\/mediamonitor\/wp-json\/wp\/v2\/users\/1"}],"replies":[{"embeddable":true,"href":"https:\/\/jms.com.bo\/mediamonitor\/wp-json\/wp\/v2\/comments?post=85009"}],"version-history":[{"count":0,"href":"https:\/\/jms.com.bo\/mediamonitor\/wp-json\/wp\/v2\/posts\/85009\/revisions"}],"wp:attachment":[{"href":"https:\/\/jms.com.bo\/mediamonitor\/wp-json\/wp\/v2\/media?parent=85009"}],"wp:term":[{"taxonomy":"category","embeddable":true,"href":"https:\/\/jms.com.bo\/mediamonitor\/wp-json\/wp\/v2\/categories?post=85009"},{"taxonomy":"post_tag","embeddable":true,"href":"https:\/\/jms.com.bo\/mediamonitor\/wp-json\/wp\/v2\/tags?post=85009"}],"curies":[{"name":"wp","href":"https:\/\/api.w.org\/{rel}","templated":true}]}}