{"id":85010,"date":"2026-03-06T07:57:01","date_gmt":"2026-03-06T11:57:01","guid":{"rendered":"https:\/\/mediamonitorbo.com.bo\/?p=18915"},"modified":"2026-03-06T07:57:01","modified_gmt":"2026-03-06T11:57:01","slug":"bolivia-posiciona-su-agenda-de-sostenibilidad-y-modernizacion-agropecuaria-en-la-conferencia-regional-de-la-fao","status":"publish","type":"post","link":"https:\/\/jms.com.bo\/mediamonitor\/2026\/03\/06\/bolivia-posiciona-su-agenda-de-sostenibilidad-y-modernizacion-agropecuaria-en-la-conferencia-regional-de-la-fao\/","title":{"rendered":"Bolivia posiciona su agenda de sostenibilidad y modernizaci\u00f3n agropecuaria en la Conferencia Regional de la FAO"},"content":{"rendered":"<p style=\"text-align: justify\">En el marco del 39.\u00ba per\u00edodo de sesiones de la Conferencia Regional de la FAO para Am\u00e9rica Latina y el Caribe, el ministro de Desarrollo Productivo, Rural y Agua, \u00d3scar Mario Justiniano, particip\u00f3 de la reuni\u00f3n ministerial y present\u00f3 la visi\u00f3n estrat\u00e9gica de Bolivia para la transformaci\u00f3n de sus sistemas agroalimentarios, destacando la modernizaci\u00f3n tecnol\u00f3gica y la resiliencia clim\u00e1tica. El evento se llev\u00f3 a cabo en Brasil.<\/p>\n<p style=\"text-align: justify\">La autoridad boliviana detall\u00f3 que la pol\u00edtica nacional responde a los desaf\u00edos clim\u00e1ticos y log\u00edsticos mediante tres ejes: el fortalecimiento de cadenas de valor con trazabilidad y acceso a mercados globales; la articulaci\u00f3n entre los sectores p\u00fablico, privado y comunitario para asegurar la estabilidad territorial; y una productividad sostenible con innovaci\u00f3n tecnol\u00f3gica para producir m\u00e1s y mejor.<\/p>\n<p style=\"text-align: justify\">En este contexto, Bolivia propuso el modelo del \u2018Tri\u00e1ngulo Productivo\u2019, una estructura de gesti\u00f3n donde el Estado garantiza infraestructura y estabilidad, el sector privado dinamiza el capital y la tecnolog\u00eda, y el sector comunitario custodia la gesti\u00f3n territorial y la sostenibilidad social.<\/p>\n<p style=\"text-align: justify\">Bolivia posiciona su agenda de sostenibilidad y modernizaci\u00f3n agropecuaria en la Conferencia Regional de la FAO<\/p>\n<p style=\"text-align: justify\">Conferencia Regional de la FAO para Am\u00e9rica Latina y el Caribe<br \/>\nComo parte de la estrategia para incrementar la productividad sin expandir la frontera agr\u00edcola, el ministro ratific\u00f3 el compromiso del pa\u00eds con el uso responsable de la biotecnolog\u00eda, protegiendo simult\u00e1neamente el patrimonio natural.<\/p>\n<p style=\"text-align: justify\">En el \u00e1mbito de la cooperaci\u00f3n internacional, Bolivia retom\u00f3 el liderazgo para la declaratoria del A\u00f1o Internacional de los Frutos Nativos Amaz\u00f3nicos, una iniciativa que busca valorizar la biodiversidad regional y generar econom\u00edas de conservaci\u00f3n.<\/p>\n<p style=\"text-align: justify\">Finalmente, se reafirm\u00f3 el compromiso de Bolivia de fortalecer la cooperaci\u00f3n con la FAO y la regi\u00f3n, instando a la comunidad internacional a priorizar el financiamiento clim\u00e1tico y las alianzas estrat\u00e9gicas. Bajo esta visi\u00f3n, el pa\u00eds aspira a consolidarse como un proveedor confiable de alimentos sostenibles, respaldado por certificaciones de bioeconom\u00eda y est\u00e1ndares de competitividad global.<\/p>\n","protected":false},"excerpt":{"rendered":"<p>En el marco del 39.\u00ba per\u00edodo de sesiones de la Conferencia Regional de la FAO para Am\u00e9rica Latina y el Caribe, el ministro de Desarrollo Productivo, Rural y Agua, \u00d3scar Mario Justiniano, particip\u00f3 de la reuni\u00f3n ministerial y present\u00f3 la visi\u00f3n estrat\u00e9gica de Bolivia para la transformaci\u00f3n de sus sistemas agroalimentarios, destacando la modernizaci\u00f3n tecnol\u00f3gica [&hellip;]<\/p>\n","protected":false},"author":1,"featured_media":85011,"comment_status":"closed","ping_status":"open","sticky":false,"template":"","format":"standard","meta":{"footnotes":""},"categories":[57],"tags":[],"class_list":{"0":"post-85010","1":"post","2":"type-post","3":"status-publish","4":"format-standard","5":"has-post-thumbnail","7":"category-alimentos-y-agroindustria"},"_links":{"self":[{"href":"https:\/\/jms.com.bo\/mediamonitor\/wp-json\/wp\/v2\/posts\/85010","targetHints":{"allow":["GET"]}}],"collection":[{"href":"https:\/\/jms.com.bo\/mediamonitor\/wp-json\/wp\/v2\/posts"}],"about":[{"href":"https:\/\/jms.com.bo\/mediamonitor\/wp-json\/wp\/v2\/types\/post"}],"author":[{"embeddable":true,"href":"https:\/\/jms.com.bo\/mediamonitor\/wp-json\/wp\/v2\/users\/1"}],"replies":[{"embeddable":true,"href":"https:\/\/jms.com.bo\/mediamonitor\/wp-json\/wp\/v2\/comments?post=85010"}],"version-history":[{"count":0,"href":"https:\/\/jms.com.bo\/mediamonitor\/wp-json\/wp\/v2\/posts\/85010\/revisions"}],"wp:featuredmedia":[{"embeddable":true,"href":"https:\/\/jms.com.bo\/mediamonitor\/wp-json\/wp\/v2\/media\/85011"}],"wp:attachment":[{"href":"https:\/\/jms.com.bo\/mediamonitor\/wp-json\/wp\/v2\/media?parent=85010"}],"wp:term":[{"taxonomy":"category","embeddable":true,"href":"https:\/\/jms.com.bo\/mediamonitor\/wp-json\/wp\/v2\/categories?post=85010"},{"taxonomy":"post_tag","embeddable":true,"href":"https:\/\/jms.com.bo\/mediamonitor\/wp-json\/wp\/v2\/tags?post=85010"}],"curies":[{"name":"wp","href":"https:\/\/api.w.org\/{rel}","templated":true}]}}