{"id":85012,"date":"2026-03-06T07:58:28","date_gmt":"2026-03-06T11:58:28","guid":{"rendered":"https:\/\/mediamonitorbo.com.bo\/?p=18918"},"modified":"2026-03-06T07:58:28","modified_gmt":"2026-03-06T11:58:28","slug":"exposoya-2026-presentara-nuevas-variedades-en-soya-sorgo-y-maiz","status":"publish","type":"post","link":"https:\/\/jms.com.bo\/mediamonitor\/2026\/03\/06\/exposoya-2026-presentara-nuevas-variedades-en-soya-sorgo-y-maiz\/","title":{"rendered":"Exposoya 2026 presentar\u00e1 nuevas variedades en soya, sorgo y ma\u00edz"},"content":{"rendered":"<p style=\"text-align: justify\">Despu\u00e9s de ser reprogramada, la Exposoya 2026 inicia hoy hasta el s\u00e1bado, contar\u00e1 con la participaci\u00f3n de 130 empresas y mas de 9.000 productores. En la oportunidad se presentar\u00e1n nuevas variedades de soya y de nuevos h\u00edbridos de ma\u00edz y sorgo.<\/p>\n<p style=\"text-align: justify\">La feria especializada en soya, Exposoya 2026 que se desarrollar\u00e1 el viernes 6 y s\u00e1bado 7 de marzo en el campo experimental de la Asociaci\u00f3n de Productores de Oleaginosas y Trigo (Anapo) en el municipio de Cuatro Ca\u00f1adas contar\u00e1 con la participaci\u00f3n de m\u00e1s de 130 empresas.<\/p>\n<p style=\"text-align: justify\">El gerente general de Anapo, Jaime Hern\u00e1ndez anticip\u00f3 que en la feria se presentar\u00e1n nuevas variedades de soya y ma\u00edz. \u201cSe har\u00e1 demostraciones de nuevas variedades de soya y de nuevos h\u00edbridos de ma\u00edz y sorgo\u201d, manifest\u00f3.<\/p>\n<p style=\"text-align: justify\">Este a\u00f1o se prev\u00e9 la participaci\u00f3n de al menos 9.000 productores de la regi\u00f3n y de otros departamentos. Entre las actividades previstas habr\u00e1 muestra de tecnolog\u00eda agr\u00edcola, presentaci\u00f3n de innovaciones y espacios de intercambio comercial.<\/p>\n<p style=\"text-align: justify\">Por su lado, el presidente de Anapo, Abrah\u00e1n Nogales resalta las tres d\u00e9cadas de la feria. \u201cExposoya es, hace m\u00e1s de 30 a\u00f1os, un espacio fundamental para impulsar la producci\u00f3n sostenible de soya en el pa\u00eds, porque acerca la tecnolog\u00eda, la investigaci\u00f3n y las buenas pr\u00e1cticas agron\u00f3micas de forma directa al productor\u201d, asever\u00f3.<\/p>\n<p style=\"text-align: justify\">El evento se posiciona como el principal escenario tecnol\u00f3gico para la demostraci\u00f3n de nuevas variedades, pr\u00e1cticas de manejo agron\u00f3mico, soluciones digitales y tecnolog\u00edas orientadas a mejorar la productividad y competitividad del cultivo de soya, que se constituye en uno de los pilares de la seguridad alimentaria, el empleo y la generaci\u00f3n de divisas.<\/p>\n<p style=\"text-align: justify\">\u201cGracias a este evento que realizamos cada a\u00f1o, el sector puede mejorar su productividad y cuidar su huella ambiental, produciendo de manera arm\u00f3nica con el suelo y los recursos naturales\u201d, resalt\u00f3 Nogales.<\/p>\n<p style=\"text-align: justify\">La edici\u00f3n 2026 se realiza en un contexto estrat\u00e9gico para Bolivia. El inicio de una etapa que abre expectativas para fortalecer la vocaci\u00f3n exportadora del pa\u00eds y su posicionamiento como proveedor regional de soya y derivados hacia pa\u00edses vecinos de Colombia, Per\u00fa, Ecuador y Chile, que son los principales mercados de exportaci\u00f3n, lo que plantea la necesidad de impulsar pol\u00edticas que fomenten la productividad, la sostenibilidad y la innovaci\u00f3n agr\u00edcola.<\/p>\n","protected":false},"excerpt":{"rendered":"<p>Despu\u00e9s de ser reprogramada, la Exposoya 2026 inicia hoy hasta el s\u00e1bado, contar\u00e1 con la participaci\u00f3n de 130 empresas y mas de 9.000 productores. En la oportunidad se presentar\u00e1n nuevas variedades de soya y de nuevos h\u00edbridos de ma\u00edz y sorgo. La feria especializada en soya, Exposoya 2026 que se desarrollar\u00e1 el viernes 6 y [&hellip;]<\/p>\n","protected":false},"author":1,"featured_media":85013,"comment_status":"closed","ping_status":"open","sticky":false,"template":"","format":"standard","meta":{"footnotes":""},"categories":[57],"tags":[],"class_list":{"0":"post-85012","1":"post","2":"type-post","3":"status-publish","4":"format-standard","5":"has-post-thumbnail","7":"category-alimentos-y-agroindustria"},"_links":{"self":[{"href":"https:\/\/jms.com.bo\/mediamonitor\/wp-json\/wp\/v2\/posts\/85012","targetHints":{"allow":["GET"]}}],"collection":[{"href":"https:\/\/jms.com.bo\/mediamonitor\/wp-json\/wp\/v2\/posts"}],"about":[{"href":"https:\/\/jms.com.bo\/mediamonitor\/wp-json\/wp\/v2\/types\/post"}],"author":[{"embeddable":true,"href":"https:\/\/jms.com.bo\/mediamonitor\/wp-json\/wp\/v2\/users\/1"}],"replies":[{"embeddable":true,"href":"https:\/\/jms.com.bo\/mediamonitor\/wp-json\/wp\/v2\/comments?post=85012"}],"version-history":[{"count":0,"href":"https:\/\/jms.com.bo\/mediamonitor\/wp-json\/wp\/v2\/posts\/85012\/revisions"}],"wp:featuredmedia":[{"embeddable":true,"href":"https:\/\/jms.com.bo\/mediamonitor\/wp-json\/wp\/v2\/media\/85013"}],"wp:attachment":[{"href":"https:\/\/jms.com.bo\/mediamonitor\/wp-json\/wp\/v2\/media?parent=85012"}],"wp:term":[{"taxonomy":"category","embeddable":true,"href":"https:\/\/jms.com.bo\/mediamonitor\/wp-json\/wp\/v2\/categories?post=85012"},{"taxonomy":"post_tag","embeddable":true,"href":"https:\/\/jms.com.bo\/mediamonitor\/wp-json\/wp\/v2\/tags?post=85012"}],"curies":[{"name":"wp","href":"https:\/\/api.w.org\/{rel}","templated":true}]}}