{"id":85014,"date":"2026-03-06T07:59:39","date_gmt":"2026-03-06T11:59:39","guid":{"rendered":"https:\/\/mediamonitorbo.com.bo\/?p=18921"},"modified":"2026-03-06T07:59:39","modified_gmt":"2026-03-06T11:59:39","slug":"bolivia-y-la-fao-se-unen-para-proyectar-al-pais-como-referente-de-produccion-resiliente","status":"publish","type":"post","link":"https:\/\/jms.com.bo\/mediamonitor\/2026\/03\/06\/bolivia-y-la-fao-se-unen-para-proyectar-al-pais-como-referente-de-produccion-resiliente\/","title":{"rendered":"Bolivia y la FAO se unen para proyectar al pa\u00eds como referente de producci\u00f3n resiliente"},"content":{"rendered":"<p style=\"text-align: justify\">En un encuentro de alto nivel que marca el retorno de Bolivia a los espacios de planificaci\u00f3n global, tras m\u00e1s de 15 a\u00f1os, el ministro de Desarrollo Productivo, Rural y Agua, \u00d3scar Mario Justiniano, sostuvo una reuni\u00f3n bilateral con el Director General de la FAO, Qu Dongyu.<\/p>\n<p style=\"text-align: justify\">El encuentro tuvo como objetivo central definir la hoja de ruta para la seguridad alimentaria con soberan\u00eda y el desarrollo sostenible de Bolivia.<\/p>\n<p style=\"text-align: justify\">Durante la sesi\u00f3n, el ministro expuso los pilares del \u00abPlan Bolivia Productiva y Resiliente 2026-2030\u00bb, enfatizando la necesidad de una participaci\u00f3n estatal activa en el dise\u00f1o de las pol\u00edticas del organismo internacional. Como respuesta a esta visi\u00f3n proactiva, la FAO propuso formalmente el desarrollo del Plan Estrat\u00e9gico en los pr\u00f3ximos 10 a 15 a\u00f1os, que se constituir\u00e1 en el eje t\u00e9cnico para la transformaci\u00f3n agroindustrial y el fortalecimiento del sector rural boliviano.<\/p>\n<p style=\"text-align: justify\">En el marco del Programa \u00abMano de la Mano\u00bb (Hand in Hand), Bolivia oficializ\u00f3 su inter\u00e9s en captar inversiones estrat\u00e9gicas para fortalecer la producci\u00f3n de cacao, asa\u00ed y cam\u00e9lidos.<\/p>\n<p style=\"text-align: justify\">Asimismo, se priorizaron nuevas cadenas de valor con alto potencial de exportaci\u00f3n, tales como; casta\u00f1a, almendra, papas nativas y miel de alta calidad. Asimismo, se solicit\u00f3 reactivar la declaratoria del \u00abA\u00f1o Internacional de los Frutos Nativos Amaz\u00f3nicos\u00bb.<\/p>\n<p style=\"text-align: justify\">Esta iniciativa busca posicionar el origen y el valor nutricional de estos productos en los mercados m\u00e1s exigentes del mundo.<\/p>\n<p style=\"text-align: justify\">En materia de resiliencia, ambas autoridades acordaron el dise\u00f1o de notas conceptuales para acceder a recursos del Fondo Mundial para el Medio Ambiente (GEF 9) y proyectos de pago por resultados en sistemas agroalimentarios ante el Fondo Verde para el Clima (GCF).<\/p>\n<p style=\"text-align: justify\">Al cierre del encuentro, Justiniano agradeci\u00f3 el respaldo t\u00e9cnico de la FAO y ratific\u00f3 el compromiso de la nueva gesti\u00f3n de Gobierno con una cooperaci\u00f3n internacional estrat\u00e9gica y eficaz, orientada a la erradicaci\u00f3n del hambre y el bienestar de las familias productoras.<\/p>\n","protected":false},"excerpt":{"rendered":"<p>En un encuentro de alto nivel que marca el retorno de Bolivia a los espacios de planificaci\u00f3n global, tras m\u00e1s de 15 a\u00f1os, el ministro de Desarrollo Productivo, Rural y Agua, \u00d3scar Mario Justiniano, sostuvo una reuni\u00f3n bilateral con el Director General de la FAO, Qu Dongyu. El encuentro tuvo como objetivo central definir la [&hellip;]<\/p>\n","protected":false},"author":1,"featured_media":85015,"comment_status":"closed","ping_status":"open","sticky":false,"template":"","format":"standard","meta":{"footnotes":""},"categories":[57],"tags":[],"class_list":{"0":"post-85014","1":"post","2":"type-post","3":"status-publish","4":"format-standard","5":"has-post-thumbnail","7":"category-alimentos-y-agroindustria"},"_links":{"self":[{"href":"https:\/\/jms.com.bo\/mediamonitor\/wp-json\/wp\/v2\/posts\/85014","targetHints":{"allow":["GET"]}}],"collection":[{"href":"https:\/\/jms.com.bo\/mediamonitor\/wp-json\/wp\/v2\/posts"}],"about":[{"href":"https:\/\/jms.com.bo\/mediamonitor\/wp-json\/wp\/v2\/types\/post"}],"author":[{"embeddable":true,"href":"https:\/\/jms.com.bo\/mediamonitor\/wp-json\/wp\/v2\/users\/1"}],"replies":[{"embeddable":true,"href":"https:\/\/jms.com.bo\/mediamonitor\/wp-json\/wp\/v2\/comments?post=85014"}],"version-history":[{"count":0,"href":"https:\/\/jms.com.bo\/mediamonitor\/wp-json\/wp\/v2\/posts\/85014\/revisions"}],"wp:featuredmedia":[{"embeddable":true,"href":"https:\/\/jms.com.bo\/mediamonitor\/wp-json\/wp\/v2\/media\/85015"}],"wp:attachment":[{"href":"https:\/\/jms.com.bo\/mediamonitor\/wp-json\/wp\/v2\/media?parent=85014"}],"wp:term":[{"taxonomy":"category","embeddable":true,"href":"https:\/\/jms.com.bo\/mediamonitor\/wp-json\/wp\/v2\/categories?post=85014"},{"taxonomy":"post_tag","embeddable":true,"href":"https:\/\/jms.com.bo\/mediamonitor\/wp-json\/wp\/v2\/tags?post=85014"}],"curies":[{"name":"wp","href":"https:\/\/api.w.org\/{rel}","templated":true}]}}