{"id":85018,"date":"2026-03-06T08:04:40","date_gmt":"2026-03-06T12:04:40","guid":{"rendered":"https:\/\/mediamonitorbo.com.bo\/?p=18927"},"modified":"2026-03-06T08:04:40","modified_gmt":"2026-03-06T12:04:40","slug":"la-brigada-parlamentaria-creo-comision-especifica-para-la-defensa-de-tariquia","status":"publish","type":"post","link":"https:\/\/jms.com.bo\/mediamonitor\/2026\/03\/06\/la-brigada-parlamentaria-creo-comision-especifica-para-la-defensa-de-tariquia\/","title":{"rendered":"La brigada parlamentaria cre\u00f3 comisi\u00f3n espec\u00edfica para la defensa de Tariqu\u00eda"},"content":{"rendered":"<p style=\"text-align: justify\">La brigada parlamentaria de Tarija cre\u00f3 una comisi\u00f3n espec\u00edfica para la defensa de la Reserva de Tariqu\u00eda, posici\u00f3n en la que se mantiene mientras se analiza el asunto del ingreso de las petroleras a la zona.<\/p>\n<p style=\"text-align: justify\">La informaci\u00f3n es del presidente de la brigada, Gabriel Corvera Sitic, al criticar a algunos ambientalistas que cuestionaron a los parlamentarios por considerar que despu\u00e9s de comprometerse, no asumen defensa de la Reserva.<\/p>\n<p style=\"text-align: justify\">\u201cLa brigada parlamentaria ha creado una comisi\u00f3n espec\u00edfica para esta defensa\u201d, afirm\u00f3 calificar de \u201cactivistas de escritorio\u201d a algunos ambientalistas que aseguraron que no se hace nada en la defensa de la Reserva de Tarija.<\/p>\n<p style=\"text-align: justify\">La comisi\u00f3n de hidrocarburos, est\u00e1 a la cabeza de esta comisi\u00f3n espec\u00edfica de defensa, que incluso present\u00f3 su adhesi\u00f3n ante el juzgado agroambiental para la pausa que plante\u00f3 el Defensor del Pueblo hace algunas semanas.<\/p>\n<p style=\"text-align: justify\">Tambi\u00e9n estuvieron detr\u00e1s la gesti\u00f3n y acompa\u00f1amiento para lograr una pausa en el ingreso petrolero, a trav\u00e9s de una audiencia p\u00fablica, que permita conocer la verdad sobre las condiciones en que se pretende este ingreso, sigui\u00f3.<\/p>\n<p style=\"text-align: justify\">Ahora esperan la llegada de una comisi\u00f3n nacional de parlamentarios, para proceder a la inspecci\u00f3n in situ, en Domo Oso X-3, acot\u00f3 al recordar que en la audiencia p\u00fablica efectuada hace un mes se form\u00f3 una comisi\u00f3n con c\u00edvicos, activistas y profesionales.<\/p>\n<p style=\"text-align: justify\">Corvera inform\u00f3 que entregaron algunos documentos sobre este tema a quienes lo solicitaron, sin embargo, en contraposici\u00f3n no recibieron ninguna documentaci\u00f3n como se anunci\u00f3 en aquella audiencia ni de las acciones populares ni los t\u00edtulos de propiedad.<\/p>\n<p style=\"text-align: justify\">\u201cNo hemos recibido documentos ni de las irregularidades que se denunciaron, no hemos cansado de pedirlas\u201d, revel\u00f3 al asegurar que la brigada trabajo en la medida de las mayores competencias y tuiciones que tiene.<\/p>\n<p style=\"text-align: justify\">Quienes mencionan lo contrario, lo hacen por desconocimiento y por politizar un asunto que no tendr\u00eda que ser politizado al tratarse de recursos naturales del departamento como los h\u00eddricos, \u201cno veo a nadie asumiendo acciones, nosotros s\u00ed avanzamos\u201d.<\/p>\n<p style=\"text-align: justify\">\u201cNO SE TOCA\u201d<\/p>\n<p style=\"text-align: justify\">\u201cLo hemos dicho y lo reiteramos, \u2018Tariquia no se toca\u2019\u201d, enfatiz\u00f3 al informar que la inspecci\u00f3n con el juzgado agroambiental a Domo Oso X-3 se efectuar\u00e1 el 18 de marzo, con parlamentarios, entre otras autoridades locales y nacionales.<br \/>\nEl objetivo de la inspecci\u00f3n es ver si ingres\u00f3 la petrolera, la situaci\u00f3n en que se encuentra la zona y los documentos que existen sobre este asunto, que conflictu\u00f3 al departamento, la brigada tambi\u00e9n llevar\u00e1 algunos peritos.<\/p>\n","protected":false},"excerpt":{"rendered":"<p>La brigada parlamentaria de Tarija cre\u00f3 una comisi\u00f3n espec\u00edfica para la defensa de la Reserva de Tariqu\u00eda, posici\u00f3n en la que se mantiene mientras se analiza el asunto del ingreso de las petroleras a la zona. La informaci\u00f3n es del presidente de la brigada, Gabriel Corvera Sitic, al criticar a algunos ambientalistas que cuestionaron a [&hellip;]<\/p>\n","protected":false},"author":1,"featured_media":85019,"comment_status":"closed","ping_status":"open","sticky":false,"template":"","format":"standard","meta":{"footnotes":""},"categories":[49],"tags":[],"class_list":{"0":"post-85018","1":"post","2":"type-post","3":"status-publish","4":"format-standard","5":"has-post-thumbnail","7":"category-social"},"_links":{"self":[{"href":"https:\/\/jms.com.bo\/mediamonitor\/wp-json\/wp\/v2\/posts\/85018","targetHints":{"allow":["GET"]}}],"collection":[{"href":"https:\/\/jms.com.bo\/mediamonitor\/wp-json\/wp\/v2\/posts"}],"about":[{"href":"https:\/\/jms.com.bo\/mediamonitor\/wp-json\/wp\/v2\/types\/post"}],"author":[{"embeddable":true,"href":"https:\/\/jms.com.bo\/mediamonitor\/wp-json\/wp\/v2\/users\/1"}],"replies":[{"embeddable":true,"href":"https:\/\/jms.com.bo\/mediamonitor\/wp-json\/wp\/v2\/comments?post=85018"}],"version-history":[{"count":0,"href":"https:\/\/jms.com.bo\/mediamonitor\/wp-json\/wp\/v2\/posts\/85018\/revisions"}],"wp:featuredmedia":[{"embeddable":true,"href":"https:\/\/jms.com.bo\/mediamonitor\/wp-json\/wp\/v2\/media\/85019"}],"wp:attachment":[{"href":"https:\/\/jms.com.bo\/mediamonitor\/wp-json\/wp\/v2\/media?parent=85018"}],"wp:term":[{"taxonomy":"category","embeddable":true,"href":"https:\/\/jms.com.bo\/mediamonitor\/wp-json\/wp\/v2\/categories?post=85018"},{"taxonomy":"post_tag","embeddable":true,"href":"https:\/\/jms.com.bo\/mediamonitor\/wp-json\/wp\/v2\/tags?post=85018"}],"curies":[{"name":"wp","href":"https:\/\/api.w.org\/{rel}","templated":true}]}}