{"id":85028,"date":"2026-03-06T08:14:06","date_gmt":"2026-03-06T12:14:06","guid":{"rendered":"https:\/\/mediamonitorbo.com.bo\/?p=18942"},"modified":"2026-03-06T08:14:06","modified_gmt":"2026-03-06T12:14:06","slug":"el-tropico-se-moviliza-en-vigilias-para-proteger-a-evo","status":"publish","type":"post","link":"https:\/\/jms.com.bo\/mediamonitor\/2026\/03\/06\/el-tropico-se-moviliza-en-vigilias-para-proteger-a-evo\/","title":{"rendered":"El Tr\u00f3pico se moviliza en vigilias para proteger a Evo"},"content":{"rendered":"<p style=\"text-align: justify\">Organizaciones sociales del Tr\u00f3pico de Cochabamba se han movilizado en vigilias en diferentes sectores, con el objetivo de proteger a Evo Morales ante un eventual operativo de captura.<\/p>\n<p style=\"text-align: justify\">Los movilizados se han concentrado alrededor de v\u00edas carreteras, donde se les observa armados con palos.<\/p>\n<p style=\"text-align: justify\">\u201cSe realiza una vigilia pac\u00edfica, siempre manteniendo la unidad sobre todo bajo las amenazas de este gobierno de intervenir nuevamente al Tr\u00f3pico de Cochabamba, y de alguna forma arrestar a nuestro hermano Evo Morales\u201d, dijo el representante V\u00edctor Menc\u00edas.<\/p>\n<p style=\"text-align: justify\">Dirigentes indicaron que toman esta previsi\u00f3n debido a que autoridades del Gobierno iniciar\u00edan la racionalizaci\u00f3n de coca en la regi\u00f3n.<\/p>\n<p style=\"text-align: justify\">Aseguraron que no est\u00e1n en contra de la racionalizaci\u00f3n de la coca, pero tampoco permitir\u00e1n provocaciones y montajes.<\/p>\n","protected":false},"excerpt":{"rendered":"<p>Organizaciones sociales del Tr\u00f3pico de Cochabamba se han movilizado en vigilias en diferentes sectores, con el objetivo de proteger a Evo Morales ante un eventual operativo de captura. Los movilizados se han concentrado alrededor de v\u00edas carreteras, donde se les observa armados con palos. \u201cSe realiza una vigilia pac\u00edfica, siempre manteniendo la unidad sobre todo [&hellip;]<\/p>\n","protected":false},"author":1,"featured_media":85029,"comment_status":"closed","ping_status":"open","sticky":false,"template":"","format":"standard","meta":{"footnotes":""},"categories":[18],"tags":[],"class_list":{"0":"post-85028","1":"post","2":"type-post","3":"status-publish","4":"format-standard","5":"has-post-thumbnail","7":"category-politica"},"_links":{"self":[{"href":"https:\/\/jms.com.bo\/mediamonitor\/wp-json\/wp\/v2\/posts\/85028","targetHints":{"allow":["GET"]}}],"collection":[{"href":"https:\/\/jms.com.bo\/mediamonitor\/wp-json\/wp\/v2\/posts"}],"about":[{"href":"https:\/\/jms.com.bo\/mediamonitor\/wp-json\/wp\/v2\/types\/post"}],"author":[{"embeddable":true,"href":"https:\/\/jms.com.bo\/mediamonitor\/wp-json\/wp\/v2\/users\/1"}],"replies":[{"embeddable":true,"href":"https:\/\/jms.com.bo\/mediamonitor\/wp-json\/wp\/v2\/comments?post=85028"}],"version-history":[{"count":0,"href":"https:\/\/jms.com.bo\/mediamonitor\/wp-json\/wp\/v2\/posts\/85028\/revisions"}],"wp:featuredmedia":[{"embeddable":true,"href":"https:\/\/jms.com.bo\/mediamonitor\/wp-json\/wp\/v2\/media\/85029"}],"wp:attachment":[{"href":"https:\/\/jms.com.bo\/mediamonitor\/wp-json\/wp\/v2\/media?parent=85028"}],"wp:term":[{"taxonomy":"category","embeddable":true,"href":"https:\/\/jms.com.bo\/mediamonitor\/wp-json\/wp\/v2\/categories?post=85028"},{"taxonomy":"post_tag","embeddable":true,"href":"https:\/\/jms.com.bo\/mediamonitor\/wp-json\/wp\/v2\/tags?post=85028"}],"curies":[{"name":"wp","href":"https:\/\/api.w.org\/{rel}","templated":true}]}}