{"id":85032,"date":"2026-03-06T08:17:16","date_gmt":"2026-03-06T12:17:16","guid":{"rendered":"https:\/\/mediamonitorbo.com.bo\/?p=18948"},"modified":"2026-03-06T08:17:16","modified_gmt":"2026-03-06T12:17:16","slug":"inflacion-negativa-muestra-ralentizacion-de-la-economia","status":"publish","type":"post","link":"https:\/\/jms.com.bo\/mediamonitor\/2026\/03\/06\/inflacion-negativa-muestra-ralentizacion-de-la-economia\/","title":{"rendered":"Inflaci\u00f3n negativa muestra ralentizaci\u00f3n de la econom\u00eda"},"content":{"rendered":"<p style=\"text-align: justify\">A pesar del aumento de la producci\u00f3n y la ca\u00edda de precios, el dato del \u00cdndice de Precios al Consumidor (IPC) del Instituto Nacional de Estad\u00edstica (INE), muestra que la econom\u00eda pasa por una ralentizaci\u00f3n, es decir el dinamismo de consumo se reduce y m\u00e1s a\u00fan con la selectividad de compras. Aunque no es mala, pero tampoco es tan bueno.<\/p>\n<p style=\"text-align: justify\">\u201cBolivia estuvo en estanflaci\u00f3n (recesi\u00f3n e inflaci\u00f3n) durante 2024 y 2025. Ahora, con inflaci\u00f3n negativa (deflaci\u00f3n), ya solo estamos en recesi\u00f3n. 19 a\u00f1os de \u2018masismo\u2019 nos van a costar un par de a\u00f1os para estabilizar\u201d, escribi\u00f3 el ingeniero Andr\u00e9s Pucci en su cuenta @andrespucci, luego de conocer el dato del IPC de febrero, que registr\u00f3 una cifra negativa de -0,62%.<\/p>\n<p style=\"text-align: justify\">Sostiene que la deflaci\u00f3n no es algo bueno, es menos malo que la alta inflaci\u00f3n. Un poco de inflaci\u00f3n es saludable.<\/p>\n<p style=\"text-align: justify\">Para el economista e investigador Fernando Romero lo que pas\u00f3 en febrero fue que los precios promedio bajaron respecto a enero, esto no significa que todo est\u00e9 m\u00e1s barato que antes, sino que ese mes algunos precios clave retrocedieron.<\/p>\n<p style=\"text-align: justify\">\u201cEl mercado estuvo un poco m\u00e1s barato este mes, pero sigue siendo caro comparado con el a\u00f1o pasado\u201d, asegura a tiempo de indicar que los alimentos pesan casi un tercio del gasto familiar, y en febrero se observ\u00f3 que el pollo registr\u00f3 una reducci\u00f3n de -5,9%, el tomate de -16,8%, la papa de -5,0% y la cebolla de -4,8%.<\/p>\n<p style=\"text-align: justify\">Tambi\u00e9n se explica por una mayor oferta, una normalizaci\u00f3n tras precios altos o una menor demanda post fiestas.<\/p>\n<p style=\"text-align: justify\">Recordemos que Ipsos Ciesmori elabor\u00f3 una encuesta a nivel nacional y los resultados del mismo se\u00f1alan que la gente opt\u00f3 a seleccionar sus compras, esta situaci\u00f3n no es de ahora sino viene de mucho atr\u00e1s, debido a la ca\u00edda de los ingresos y el incremento de los productos.<br \/>\nAdvierte el economista que la situaci\u00f3n presentada en febrero no es permanente, ya que cuando la oferta cae, los precios pueden subir nuevamente.<\/p>\n<p style=\"text-align: justify\">Adem\u00e1s, explica que por el momento la ca\u00edda de precios es bueno en el corto plazo porque alivia el gasto diario y la gente siente en los alimentos, a pesar de ello, en el fondo no alcanza debido a los \u00faltimos datos del registro de inflaci\u00f3n que subi\u00f3 m\u00e1s que los sueldos.<br \/>\n\u201cEl poder de compra ya se perdi\u00f3\u201d, asegura Romero al indicar que \u201csi el salario subi\u00f3 5%, pero los precios registraron 17%, la familia sigue siendo m\u00e1s pobre, aunque un mes haya bajado el IPC.<\/p>\n<p style=\"text-align: justify\">La situaci\u00f3n es real, aunque temporal, sostiene y detalla que los precios bajaron en el mercado y transporte, las causas profundas de la inflaci\u00f3n siguen intactas. \u201cNo es una victoria contra la inflaci\u00f3n, es solo una pausa\u201d, apunt\u00f3.<\/p>\n<p style=\"text-align: justify\">Las causas de la inflaci\u00f3n son: emisi\u00f3n monetaria en exceso, gasto p\u00fablico elevado e ineficiente, mercado del d\u00f3lar deficitario, econom\u00eda en recesi\u00f3n y baja productividad y las Reservas Internacionales registran baja liquidez.<\/p>\n<p style=\"text-align: justify\">Ahora viene otra amenaza, como la guerra en Medio Oriente entre Estados Unidos e Israel contra Ir\u00e1n, y el cierre del estrecho de Ormuz que amenaza a la oferta de petr\u00f3leo al mundo, cuya situaci\u00f3n podr\u00eda impactar en Bolivia por el precio del crudo y el valor en los combustibles, productos que importa el pa\u00eds.<\/p>\n<p style=\"text-align: justify\">\u201cFebrero fue un alivio. No es una soluci\u00f3n. La inflaci\u00f3n sigue siendo un problema serio. Si no se corrigen las causas de fondo, los precios volver\u00e1n a subir. La inflaci\u00f3n no se derrota con controles ni discursos, se derrota con orden fiscal, disciplina monetaria, d\u00f3lares y producci\u00f3n\u201d, concluye.<\/p>\n","protected":false},"excerpt":{"rendered":"<p>A pesar del aumento de la producci\u00f3n y la ca\u00edda de precios, el dato del \u00cdndice de Precios al Consumidor (IPC) del Instituto Nacional de Estad\u00edstica (INE), muestra que la econom\u00eda pasa por una ralentizaci\u00f3n, es decir el dinamismo de consumo se reduce y m\u00e1s a\u00fan con la selectividad de compras. Aunque no es mala, [&hellip;]<\/p>\n","protected":false},"author":1,"featured_media":85033,"comment_status":"closed","ping_status":"open","sticky":false,"template":"","format":"standard","meta":{"footnotes":""},"categories":[25],"tags":[],"class_list":{"0":"post-85032","1":"post","2":"type-post","3":"status-publish","4":"format-standard","5":"has-post-thumbnail","7":"category-economia"},"_links":{"self":[{"href":"https:\/\/jms.com.bo\/mediamonitor\/wp-json\/wp\/v2\/posts\/85032","targetHints":{"allow":["GET"]}}],"collection":[{"href":"https:\/\/jms.com.bo\/mediamonitor\/wp-json\/wp\/v2\/posts"}],"about":[{"href":"https:\/\/jms.com.bo\/mediamonitor\/wp-json\/wp\/v2\/types\/post"}],"author":[{"embeddable":true,"href":"https:\/\/jms.com.bo\/mediamonitor\/wp-json\/wp\/v2\/users\/1"}],"replies":[{"embeddable":true,"href":"https:\/\/jms.com.bo\/mediamonitor\/wp-json\/wp\/v2\/comments?post=85032"}],"version-history":[{"count":0,"href":"https:\/\/jms.com.bo\/mediamonitor\/wp-json\/wp\/v2\/posts\/85032\/revisions"}],"wp:featuredmedia":[{"embeddable":true,"href":"https:\/\/jms.com.bo\/mediamonitor\/wp-json\/wp\/v2\/media\/85033"}],"wp:attachment":[{"href":"https:\/\/jms.com.bo\/mediamonitor\/wp-json\/wp\/v2\/media?parent=85032"}],"wp:term":[{"taxonomy":"category","embeddable":true,"href":"https:\/\/jms.com.bo\/mediamonitor\/wp-json\/wp\/v2\/categories?post=85032"},{"taxonomy":"post_tag","embeddable":true,"href":"https:\/\/jms.com.bo\/mediamonitor\/wp-json\/wp\/v2\/tags?post=85032"}],"curies":[{"name":"wp","href":"https:\/\/api.w.org\/{rel}","templated":true}]}}