{"id":85038,"date":"2026-03-06T08:24:58","date_gmt":"2026-03-06T12:24:58","guid":{"rendered":"https:\/\/mediamonitorbo.com.bo\/?p=18958"},"modified":"2026-03-06T08:24:58","modified_gmt":"2026-03-06T12:24:58","slug":"bid-respaldara-con-500-millones-al-pais-para-fortalecer-su-proteccion-social","status":"publish","type":"post","link":"https:\/\/jms.com.bo\/mediamonitor\/2026\/03\/06\/bid-respaldara-con-500-millones-al-pais-para-fortalecer-su-proteccion-social\/","title":{"rendered":"BID respaldar\u00e1 con $500 millones al pa\u00eds para fortalecer su protecci\u00f3n social"},"content":{"rendered":"<p style=\"text-align: justify\">El Banco Interamericano de Desarrollo (BID) anunci\u00f3 este jueves que respaldar\u00e1 a Bolivia con $us 500 millones para fortalecer el sistema de protecci\u00f3n social en el pa\u00eds. Este apoyo beneficiar\u00e1 aproximadamente a 1 mill\u00f3n de personas en situaci\u00f3n de pobreza o vulnerabilidad.<\/p>\n<p style=\"text-align: justify\">\u201cEl Banco Interamericano de Desarrollo (BID) respaldar\u00e1 al gobierno de Bolivia con US$500 millones para fortalecer el sistema de protecci\u00f3n social en el pa\u00eds y avanzar el acceso directo de las familias m\u00e1s vulnerables a la ayuda estatal\u201d, public\u00f3 el BID mediante un comunicado de prensa.<\/p>\n<p style=\"text-align: justify\">La entidad internacional mencion\u00f3 que los fondos se destinar\u00e1n a la creaci\u00f3n de un nuevo registro social de hogares, que permitir\u00e1 una mejor atenci\u00f3n a las familias y priorizar a los hogares m\u00e1s vulnerables.<\/p>\n<p style=\"text-align: justify\">\u201cLos fondos se destinar\u00e1n a la creaci\u00f3n de un nuevo registro social de hogares, una herramienta de vanguardia que mejorar\u00e1 la asignaci\u00f3n de los recursos p\u00fablicos. Este mecanismo garantiza una gesti\u00f3n m\u00e1s transparente, fortalece el sistema de transferencias directas y permite atender mejor a las familias al utilizar criterios t\u00e9cnicos para distribuir los recursos seg\u00fan sus necesidades, priorizando a los hogares m\u00e1s vulnerables\u201d.<\/p>\n<p style=\"text-align: justify\">El nuevo registro social de hogares permitir\u00e1 fortalecer la capacidad de respuesta del Estado ante crisis imprevistas o emergencias sanitarias que requieren atenci\u00f3n inmediata.<\/p>\n<p style=\"text-align: justify\">\u201cEl nuevo registro social permitir\u00e1 adem\u00e1s fortalecer la capacidad de respuesta del Estado ante crisis imprevistas y disruptivas, como emergencias sanitarias, que requieren una atenci\u00f3n inmediata. El programa del gobierno beneficiar\u00e1 aproximadamente 1 mill\u00f3n de personas en situaci\u00f3n de pobreza o vulnerabilidad\u201d, finaliz\u00f3.<\/p>\n","protected":false},"excerpt":{"rendered":"<p>El Banco Interamericano de Desarrollo (BID) anunci\u00f3 este jueves que respaldar\u00e1 a Bolivia con $us 500 millones para fortalecer el sistema de protecci\u00f3n social en el pa\u00eds. Este apoyo beneficiar\u00e1 aproximadamente a 1 mill\u00f3n de personas en situaci\u00f3n de pobreza o vulnerabilidad. \u201cEl Banco Interamericano de Desarrollo (BID) respaldar\u00e1 al gobierno de Bolivia con US$500 [&hellip;]<\/p>\n","protected":false},"author":1,"featured_media":85039,"comment_status":"closed","ping_status":"open","sticky":false,"template":"","format":"standard","meta":{"footnotes":""},"categories":[25,45,48],"tags":[],"class_list":{"0":"post-85038","1":"post","2":"type-post","3":"status-publish","4":"format-standard","5":"has-post-thumbnail","7":"category-economia","8":"category-portada-economia","9":"category-portada-general-sitio"},"_links":{"self":[{"href":"https:\/\/jms.com.bo\/mediamonitor\/wp-json\/wp\/v2\/posts\/85038","targetHints":{"allow":["GET"]}}],"collection":[{"href":"https:\/\/jms.com.bo\/mediamonitor\/wp-json\/wp\/v2\/posts"}],"about":[{"href":"https:\/\/jms.com.bo\/mediamonitor\/wp-json\/wp\/v2\/types\/post"}],"author":[{"embeddable":true,"href":"https:\/\/jms.com.bo\/mediamonitor\/wp-json\/wp\/v2\/users\/1"}],"replies":[{"embeddable":true,"href":"https:\/\/jms.com.bo\/mediamonitor\/wp-json\/wp\/v2\/comments?post=85038"}],"version-history":[{"count":0,"href":"https:\/\/jms.com.bo\/mediamonitor\/wp-json\/wp\/v2\/posts\/85038\/revisions"}],"wp:featuredmedia":[{"embeddable":true,"href":"https:\/\/jms.com.bo\/mediamonitor\/wp-json\/wp\/v2\/media\/85039"}],"wp:attachment":[{"href":"https:\/\/jms.com.bo\/mediamonitor\/wp-json\/wp\/v2\/media?parent=85038"}],"wp:term":[{"taxonomy":"category","embeddable":true,"href":"https:\/\/jms.com.bo\/mediamonitor\/wp-json\/wp\/v2\/categories?post=85038"},{"taxonomy":"post_tag","embeddable":true,"href":"https:\/\/jms.com.bo\/mediamonitor\/wp-json\/wp\/v2\/tags?post=85038"}],"curies":[{"name":"wp","href":"https:\/\/api.w.org\/{rel}","templated":true}]}}