{"id":85040,"date":"2026-03-06T08:27:54","date_gmt":"2026-03-06T12:27:54","guid":{"rendered":"https:\/\/mediamonitorbo.com.bo\/?p=18961"},"modified":"2026-03-06T08:27:54","modified_gmt":"2026-03-06T12:27:54","slug":"bolivia-carbon-forum-el-agro-mineria-y-energia-como-sectores-potenciales-para-la-produccion-sostenible","status":"publish","type":"post","link":"https:\/\/jms.com.bo\/mediamonitor\/2026\/03\/06\/bolivia-carbon-forum-el-agro-mineria-y-energia-como-sectores-potenciales-para-la-produccion-sostenible\/","title":{"rendered":"Bolivia Carbon Forum: el agro, miner\u00eda y energ\u00eda como sectores potenciales para la producci\u00f3n sostenible"},"content":{"rendered":"<p style=\"text-align: justify\">Este jueves, en la C\u00e1mara de Industria, Comercio, Servicios y Turismo de Santa Cruz (Cainco) se realiza la primera versi\u00f3n del Bolivia Carbon Forum, con el objetivo de conocer a los actores que conforman el mercado del bono de carbono.<\/p>\n<p style=\"text-align: justify\">Con unos 450 participantes, el evento internacional, busca concertar inversiones en sectores claves c\u00f3mo el agro, la miner\u00eda y las energ\u00edas renovables.<\/p>\n<p style=\"text-align: justify\">Durante el el encuentro se destac\u00f3 el potencial boliviano que se apoya en su biodiversidad y en los 50 millones de hect\u00e1reas que necesitan de trabajo de cuidado ambiental.<\/p>\n<p style=\"text-align: justify\">Autoridades del Gobierno y representantes de Fundares, M\u00e9xico, la Uni\u00f3n Europea y de la Cainco son parte de este encuentro.<\/p>\n","protected":false},"excerpt":{"rendered":"<p>Este jueves, en la C\u00e1mara de Industria, Comercio, Servicios y Turismo de Santa Cruz (Cainco) se realiza la primera versi\u00f3n del Bolivia Carbon Forum, con el objetivo de conocer a los actores que conforman el mercado del bono de carbono. Con unos 450 participantes, el evento internacional, busca concertar inversiones en sectores claves c\u00f3mo el [&hellip;]<\/p>\n","protected":false},"author":1,"featured_media":85041,"comment_status":"closed","ping_status":"open","sticky":false,"template":"","format":"standard","meta":{"footnotes":""},"categories":[39,44,48],"tags":[],"class_list":{"0":"post-85040","1":"post","2":"type-post","3":"status-publish","4":"format-standard","5":"has-post-thumbnail","7":"category-energia","8":"category-portada-energia","9":"category-portada-general-sitio"},"_links":{"self":[{"href":"https:\/\/jms.com.bo\/mediamonitor\/wp-json\/wp\/v2\/posts\/85040","targetHints":{"allow":["GET"]}}],"collection":[{"href":"https:\/\/jms.com.bo\/mediamonitor\/wp-json\/wp\/v2\/posts"}],"about":[{"href":"https:\/\/jms.com.bo\/mediamonitor\/wp-json\/wp\/v2\/types\/post"}],"author":[{"embeddable":true,"href":"https:\/\/jms.com.bo\/mediamonitor\/wp-json\/wp\/v2\/users\/1"}],"replies":[{"embeddable":true,"href":"https:\/\/jms.com.bo\/mediamonitor\/wp-json\/wp\/v2\/comments?post=85040"}],"version-history":[{"count":0,"href":"https:\/\/jms.com.bo\/mediamonitor\/wp-json\/wp\/v2\/posts\/85040\/revisions"}],"wp:featuredmedia":[{"embeddable":true,"href":"https:\/\/jms.com.bo\/mediamonitor\/wp-json\/wp\/v2\/media\/85041"}],"wp:attachment":[{"href":"https:\/\/jms.com.bo\/mediamonitor\/wp-json\/wp\/v2\/media?parent=85040"}],"wp:term":[{"taxonomy":"category","embeddable":true,"href":"https:\/\/jms.com.bo\/mediamonitor\/wp-json\/wp\/v2\/categories?post=85040"},{"taxonomy":"post_tag","embeddable":true,"href":"https:\/\/jms.com.bo\/mediamonitor\/wp-json\/wp\/v2\/tags?post=85040"}],"curies":[{"name":"wp","href":"https:\/\/api.w.org\/{rel}","templated":true}]}}