{"id":85938,"date":"2026-04-09T07:34:22","date_gmt":"2026-04-09T11:34:22","guid":{"rendered":"https:\/\/mediamonitorbo.com.bo\/?p=20384"},"modified":"2026-04-09T07:34:22","modified_gmt":"2026-04-09T11:34:22","slug":"bolivia-y-peru-refuerzan-medidas-por-casos-de-sarampion-en-la-frontera","status":"publish","type":"post","link":"https:\/\/jms.com.bo\/mediamonitor\/2026\/04\/09\/bolivia-y-peru-refuerzan-medidas-por-casos-de-sarampion-en-la-frontera\/","title":{"rendered":"Bolivia y Per\u00fa refuerzan medidas por casos de sarampi\u00f3n en la frontera"},"content":{"rendered":"<p style=\"text-align: justify\">Los Ministerios de Salud de Per\u00fa y Bolivia vienen articulando acciones conjuntas para fortalecer la vacunaci\u00f3n contra el sarampi\u00f3n en las zonas de frontera debido a casos registrados.<\/p>\n<p style=\"text-align: justify\">\u201cEl Ministerio de Salud y Deportes fue informado por sus pares de Per\u00fa sobre 13 casos de sarampi\u00f3n en poblaciones fronterizas. Principalmente en la regi\u00f3n de Puno. Por ello, se instruy\u00f3 reforzar de inmediato las siguientes acciones en La Paz y Pando\u201d, se\u00f1ala una nota institucional del Ministerio de Salud.<\/p>\n<p style=\"text-align: justify\">En ese marco, la Direcci\u00f3n Regional de Salud y las Redes de Salud de ambos pa\u00edses sostuvieron una reuni\u00f3n de trabajo en la ciudad de Juliaca, Per\u00fa, con la finalidad de establecer estrategias que permitan frenar el brote de sarampi\u00f3n en la regi\u00f3n Puno.<\/p>\n<p style=\"text-align: justify\">Entre las acciones que acordaron implementar las autoridades son intensificar la campa\u00f1a de vacunaci\u00f3n desde los seis meses hasta los 19 a\u00f1os de edad. Tambi\u00e9n incrementar la vigilancia epidemiol\u00f3gica a nivel institucional y comunitario.<\/p>\n<p style=\"text-align: justify\">Asimismo, garantizaron la provisi\u00f3n de vacunas e insumos y la coordinaci\u00f3n con instituciones y organizaciones sociales para promover la inmunizaci\u00f3n.<\/p>\n<p style=\"text-align: justify\">El Ministerio de Salud del Per\u00fa, en coordinaci\u00f3n con el Gobierno Regional de Puno, tambi\u00e9n reafirmaron su compromiso de continuar impulsando intervenciones oportunas y coordinadas para priorizar la protecci\u00f3n de la poblaci\u00f3n en ambos territorios.<\/p>\n","protected":false},"excerpt":{"rendered":"<p>Los Ministerios de Salud de Per\u00fa y Bolivia vienen articulando acciones conjuntas para fortalecer la vacunaci\u00f3n contra el sarampi\u00f3n en las zonas de frontera debido a casos registrados. \u201cEl Ministerio de Salud y Deportes fue informado por sus pares de Per\u00fa sobre 13 casos de sarampi\u00f3n en poblaciones fronterizas. Principalmente en la regi\u00f3n de Puno. [&hellip;]<\/p>\n","protected":false},"author":1,"featured_media":85939,"comment_status":"closed","ping_status":"open","sticky":false,"template":"","format":"standard","meta":{"footnotes":""},"categories":[53],"tags":[],"class_list":{"0":"post-85938","1":"post","2":"type-post","3":"status-publish","4":"format-standard","5":"has-post-thumbnail","7":"category-salud"},"_links":{"self":[{"href":"https:\/\/jms.com.bo\/mediamonitor\/wp-json\/wp\/v2\/posts\/85938","targetHints":{"allow":["GET"]}}],"collection":[{"href":"https:\/\/jms.com.bo\/mediamonitor\/wp-json\/wp\/v2\/posts"}],"about":[{"href":"https:\/\/jms.com.bo\/mediamonitor\/wp-json\/wp\/v2\/types\/post"}],"author":[{"embeddable":true,"href":"https:\/\/jms.com.bo\/mediamonitor\/wp-json\/wp\/v2\/users\/1"}],"replies":[{"embeddable":true,"href":"https:\/\/jms.com.bo\/mediamonitor\/wp-json\/wp\/v2\/comments?post=85938"}],"version-history":[{"count":0,"href":"https:\/\/jms.com.bo\/mediamonitor\/wp-json\/wp\/v2\/posts\/85938\/revisions"}],"wp:featuredmedia":[{"embeddable":true,"href":"https:\/\/jms.com.bo\/mediamonitor\/wp-json\/wp\/v2\/media\/85939"}],"wp:attachment":[{"href":"https:\/\/jms.com.bo\/mediamonitor\/wp-json\/wp\/v2\/media?parent=85938"}],"wp:term":[{"taxonomy":"category","embeddable":true,"href":"https:\/\/jms.com.bo\/mediamonitor\/wp-json\/wp\/v2\/categories?post=85938"},{"taxonomy":"post_tag","embeddable":true,"href":"https:\/\/jms.com.bo\/mediamonitor\/wp-json\/wp\/v2\/tags?post=85938"}],"curies":[{"name":"wp","href":"https:\/\/api.w.org\/{rel}","templated":true}]}}