{"id":85944,"date":"2026-04-09T07:45:29","date_gmt":"2026-04-09T11:45:29","guid":{"rendered":"https:\/\/mediamonitorbo.com.bo\/?p=20393"},"modified":"2026-04-09T07:45:29","modified_gmt":"2026-04-09T11:45:29","slug":"paz-promulga-leyes-que-endurecen-penas-contra-el-abigeato-y-permiten-reclasificar-la-pequena-propiedad","status":"publish","type":"post","link":"https:\/\/jms.com.bo\/mediamonitor\/2026\/04\/09\/paz-promulga-leyes-que-endurecen-penas-contra-el-abigeato-y-permiten-reclasificar-la-pequena-propiedad\/","title":{"rendered":"Paz promulga leyes que endurecen penas contra el abigeato y permiten reclasificar la peque\u00f1a propiedad"},"content":{"rendered":"<p style=\"text-align: justify\">El presidente Rodrigo Paz promulg\u00f3 dos leyes en un acto desarrollado en la feria Agropecruz, Santa Cruz, contra el abigeato y sobre la propiedad peque\u00f1a y mediana.<\/p>\n<p style=\"text-align: justify\">\u201cYa basta de robarnos, esa norma ayudar\u00e1 a ser m\u00e1s duro con el que roba. Ya basta de robarnos\u201d, se\u00f1al\u00f3 sobre la ley contra el abigeato.<\/p>\n<p style=\"text-align: justify\">Sobre la otra norma, destac\u00f3 que es sobre la peque\u00f1a y mediana propiedad.<\/p>\n<p style=\"text-align: justify\">\u201cEn el fondo lo que esta norma es cr\u00e9dito rural. Es platita para aquellos que no pueden conseguir un cr\u00e9dito o recursos para poder producir\u201d, sostuvo.<\/p>\n<p style=\"text-align: justify\">Sostuvo que, con esta norma, por ejemplo, los que tienen tres o cuatro hect\u00e1reas de uva van a poder acceder a cr\u00e9dito.<\/p>\n<p style=\"text-align: justify\">\u201c(los propietarios) No van a depender del empresario. Van a depender de sus propias capacidades. De la seguridad de que esa propiedad es suya y la puede usar para potenciar y desarrollar sus capacidades\u201d, sostuvo.<\/p>\n<p style=\"text-align: justify\">Paz estuvo en un acto en Agropecruz en Santa Cruz y remarc\u00f3 tambi\u00e9n que se trabajar\u00e1 con autoridades electas.<\/p>\n","protected":false},"excerpt":{"rendered":"<p>El presidente Rodrigo Paz promulg\u00f3 dos leyes en un acto desarrollado en la feria Agropecruz, Santa Cruz, contra el abigeato y sobre la propiedad peque\u00f1a y mediana. \u201cYa basta de robarnos, esa norma ayudar\u00e1 a ser m\u00e1s duro con el que roba. Ya basta de robarnos\u201d, se\u00f1al\u00f3 sobre la ley contra el abigeato. Sobre la [&hellip;]<\/p>\n","protected":false},"author":1,"featured_media":85945,"comment_status":"closed","ping_status":"open","sticky":false,"template":"","format":"standard","meta":{"footnotes":""},"categories":[57],"tags":[],"class_list":{"0":"post-85944","1":"post","2":"type-post","3":"status-publish","4":"format-standard","5":"has-post-thumbnail","7":"category-alimentos-y-agroindustria"},"_links":{"self":[{"href":"https:\/\/jms.com.bo\/mediamonitor\/wp-json\/wp\/v2\/posts\/85944","targetHints":{"allow":["GET"]}}],"collection":[{"href":"https:\/\/jms.com.bo\/mediamonitor\/wp-json\/wp\/v2\/posts"}],"about":[{"href":"https:\/\/jms.com.bo\/mediamonitor\/wp-json\/wp\/v2\/types\/post"}],"author":[{"embeddable":true,"href":"https:\/\/jms.com.bo\/mediamonitor\/wp-json\/wp\/v2\/users\/1"}],"replies":[{"embeddable":true,"href":"https:\/\/jms.com.bo\/mediamonitor\/wp-json\/wp\/v2\/comments?post=85944"}],"version-history":[{"count":0,"href":"https:\/\/jms.com.bo\/mediamonitor\/wp-json\/wp\/v2\/posts\/85944\/revisions"}],"wp:featuredmedia":[{"embeddable":true,"href":"https:\/\/jms.com.bo\/mediamonitor\/wp-json\/wp\/v2\/media\/85945"}],"wp:attachment":[{"href":"https:\/\/jms.com.bo\/mediamonitor\/wp-json\/wp\/v2\/media?parent=85944"}],"wp:term":[{"taxonomy":"category","embeddable":true,"href":"https:\/\/jms.com.bo\/mediamonitor\/wp-json\/wp\/v2\/categories?post=85944"},{"taxonomy":"post_tag","embeddable":true,"href":"https:\/\/jms.com.bo\/mediamonitor\/wp-json\/wp\/v2\/tags?post=85944"}],"curies":[{"name":"wp","href":"https:\/\/api.w.org\/{rel}","templated":true}]}}