{"id":85946,"date":"2026-04-09T07:48:36","date_gmt":"2026-04-09T11:48:36","guid":{"rendered":"https:\/\/mediamonitorbo.com.bo\/?p=20396"},"modified":"2026-04-09T07:48:36","modified_gmt":"2026-04-09T11:48:36","slug":"fesirmes-protesta-por-sueldos-y-no-descarta-medidas-a-nivel-nacional","status":"publish","type":"post","link":"https:\/\/jms.com.bo\/mediamonitor\/2026\/04\/09\/fesirmes-protesta-por-sueldos-y-no-descarta-medidas-a-nivel-nacional\/","title":{"rendered":"Fesirmes protesta por sueldos y no descarta medidas a nivel nacional"},"content":{"rendered":"<p style=\"text-align: justify\">Tal como lo hab\u00eda anunciado, el Fesirmes inici\u00f3 con el paro de 72 horas en demanda de sueldos a profesionales y trabajadores en salud del primer y segundo nivel por parte de la Alcald\u00eda de Santa Cruz de la Sierra. No descartan asumir medidas a nivel nacional a fin de ser escuchados.<\/p>\n<p style=\"text-align: justify\">\u201cNo cancelar el subsidio que es un derecho que tienen las madres, el no cumplir con los compromisos establecidos en el tema de los salarios, m\u00e1s del 40% todav\u00eda tenemos los salarios impagos, somos 1800 colegas que est\u00e1n sin sueldo de febrero y un 100% del mes de marzo\u201d, dijo Evert Pati\u00f1o, secretario de Conflictos del Fesirmes.<\/p>\n<p style=\"text-align: justify\">En ese sentido, se\u00f1al\u00f3 que la situaci\u00f3n es cr\u00edtica, sumado a la falta de condiciones que hay en los hospitales, por lo que cuestion\u00f3 que las autoridades no respondan, ante los reclamos.<\/p>\n<p style=\"text-align: justify\">\u201cEsperemos que se le de una pronta soluci\u00f3n a esta situaci\u00f3n, sino, estamos queriendo asumir medidas a nivel nacional porque esta situaci\u00f3n ha llegado al l\u00edmite\u201d, asever\u00f3.<\/p>\n","protected":false},"excerpt":{"rendered":"<p>Tal como lo hab\u00eda anunciado, el Fesirmes inici\u00f3 con el paro de 72 horas en demanda de sueldos a profesionales y trabajadores en salud del primer y segundo nivel por parte de la Alcald\u00eda de Santa Cruz de la Sierra. No descartan asumir medidas a nivel nacional a fin de ser escuchados. \u201cNo cancelar el [&hellip;]<\/p>\n","protected":false},"author":1,"featured_media":85947,"comment_status":"closed","ping_status":"open","sticky":false,"template":"","format":"standard","meta":{"footnotes":""},"categories":[49],"tags":[],"class_list":{"0":"post-85946","1":"post","2":"type-post","3":"status-publish","4":"format-standard","5":"has-post-thumbnail","7":"category-social"},"_links":{"self":[{"href":"https:\/\/jms.com.bo\/mediamonitor\/wp-json\/wp\/v2\/posts\/85946","targetHints":{"allow":["GET"]}}],"collection":[{"href":"https:\/\/jms.com.bo\/mediamonitor\/wp-json\/wp\/v2\/posts"}],"about":[{"href":"https:\/\/jms.com.bo\/mediamonitor\/wp-json\/wp\/v2\/types\/post"}],"author":[{"embeddable":true,"href":"https:\/\/jms.com.bo\/mediamonitor\/wp-json\/wp\/v2\/users\/1"}],"replies":[{"embeddable":true,"href":"https:\/\/jms.com.bo\/mediamonitor\/wp-json\/wp\/v2\/comments?post=85946"}],"version-history":[{"count":0,"href":"https:\/\/jms.com.bo\/mediamonitor\/wp-json\/wp\/v2\/posts\/85946\/revisions"}],"wp:featuredmedia":[{"embeddable":true,"href":"https:\/\/jms.com.bo\/mediamonitor\/wp-json\/wp\/v2\/media\/85947"}],"wp:attachment":[{"href":"https:\/\/jms.com.bo\/mediamonitor\/wp-json\/wp\/v2\/media?parent=85946"}],"wp:term":[{"taxonomy":"category","embeddable":true,"href":"https:\/\/jms.com.bo\/mediamonitor\/wp-json\/wp\/v2\/categories?post=85946"},{"taxonomy":"post_tag","embeddable":true,"href":"https:\/\/jms.com.bo\/mediamonitor\/wp-json\/wp\/v2\/tags?post=85946"}],"curies":[{"name":"wp","href":"https:\/\/api.w.org\/{rel}","templated":true}]}}