{"id":86195,"date":"2026-04-20T07:35:06","date_gmt":"2026-04-20T11:35:06","guid":{"rendered":"https:\/\/mediamonitorbo.com.bo\/?p=20794"},"modified":"2026-04-20T07:35:06","modified_gmt":"2026-04-20T11:35:06","slug":"el-subsidio-prenatal-tendra-nuevos-productos-y-se-elimina-90-de-ultraprocesados","status":"publish","type":"post","link":"https:\/\/jms.com.bo\/mediamonitor\/2026\/04\/20\/el-subsidio-prenatal-tendra-nuevos-productos-y-se-elimina-90-de-ultraprocesados\/","title":{"rendered":"El subsidio prenatal tendr\u00e1 nuevos productos y se elimina 90% de ultraprocesados"},"content":{"rendered":"<p style=\"text-align: justify\">Avena, trigo, harina de pl\u00e1tano verde, ma\u00edz, linaza, ch\u00eda, s\u00e9samo, coliflor, yuca, racacha, c\u00farcuma, yogur probi\u00f3tico, quesos bajos en sodio, carne de cerdo, h\u00edgado de pollo, coraz\u00f3n, huevo de codorniz y una mayor variedad de pescados est\u00e1n entre los productos del subsidio prenatal y de lactancia 2026.<\/p>\n<p style=\"text-align: justify\">El Servicio de Desarrollo de las Empresas P\u00fablicas Productivas (Sedem) present\u00f3 este jueves el nuevo paquete que tambi\u00e9n incluye productos como pasta de man\u00ed, miel org\u00e1nica y derivados del s\u00e9samo.<\/p>\n<p style=\"text-align: justify\">La gerente de Subsidios y Articulaci\u00f3n Productiva del Sedem, Cecilia Rivero, anunci\u00f3 este jueves un cambio estructural en el beneficio.<\/p>\n<p style=\"text-align: justify\">Son m\u00e1s del 90% de productos ultraprocesados que fueron eliminados de la nueva lista que conformar\u00e1 el paquete 2026. De esa forma, se marca el inicio de una transformaci\u00f3n profunda orientada a mejorar la nutrici\u00f3n de madres y beb\u00e9s en todo el pa\u00eds.<\/p>\n<p style=\"text-align: justify\">\u201cEste no es un ajuste menor. Es un cambio de enfoque. Estamos dejando atr\u00e1s una l\u00f3gica basada en productos ultraprocesados para avanzar hacia alimentos con mayor valor nutricional, pensados realmente para el bienestar de nuestras madres y nuestros ni\u00f1os\u201d, afirm\u00f3 la gerente.<\/p>\n<p style=\"text-align: justify\">La nueva lista, trabajada en coordinaci\u00f3n con el Ministerio de Salud, redefine la composici\u00f3n del subsidio priorizando alimentos reales, prote\u00ednas y productos de mayor calidad nutricional.<\/p>\n<p style=\"text-align: justify\">PRODUCTOS ELIMINADOS<br \/>\nEn ese marco, se confirm\u00f3 la eliminaci\u00f3n de galletas, queques y brownies. Durante a\u00f1os, esos productos formaron parte del paquete, dando paso a alternativas como nuevos tipos de queso, carne de cerdo y alimentos funcionales como el k\u00e9fir.<\/p>\n<p style=\"text-align: justify\">\u201cDurante mucho tiempo se prioriz\u00f3 la facilidad log\u00edstica por encima de la calidad nutricional. Hoy estamos corrigiendo eso. El subsidio tiene que cumplir su verdadero prop\u00f3sito: alimentar mejor\u201d, enfatiz\u00f3 Rivero.<\/p>\n<p style=\"text-align: justify\">Se\u00f1al\u00f3 que el nuevo paquete 2026 ser\u00e1 implementado a partir del segundo semestre del a\u00f1o, considerando un proceso t\u00e9cnico que incluye la adecuaci\u00f3n de convocatorias, selecci\u00f3n de proveedores y fortalecimiento de la log\u00edstica de distribuci\u00f3n a nivel nacional.<\/p>\n<p style=\"text-align: justify\">Como parte de esta transformaci\u00f3n, tambi\u00e9n se anunci\u00f3 la implementaci\u00f3n de un nuevo sistema de tickets digitales a trav\u00e9s de la aplicaci\u00f3n \u201cMi Subsidio\u201d, que permitir\u00e1 a las beneficiarias programar horarios de atenci\u00f3n y recoger sus productos de manera ordenada, eliminando filas y reduciendo tiempos de espera.<\/p>\n<p style=\"text-align: justify\">Esta medida se pondr\u00e1 en marcha en los pr\u00f3ximos d\u00edas y busca mejorar sustancialmente la experiencia de atenci\u00f3n.<\/p>\n<p style=\"text-align: justify\">NUEVA IMAGEN<br \/>\nAsimismo, se present\u00f3 la nueva imagen y marca del subsidio, que acompa\u00f1a esta primera etapa de cambio institucional. La renovaci\u00f3n visual refleja una etapa enfocada en modernizaci\u00f3n, transparencia y cercan\u00eda con la poblaci\u00f3n, consolidando una identidad alineada con los nuevos objetivos del programa.<\/p>\n<p style=\"text-align: justify\">Finalmente, la gerente subray\u00f3 que esta es solo la primera etapa de un proceso m\u00e1s amplio. \u201cEste es el inicio de una transformaci\u00f3n mayor. Vamos a seguir avanzando para garantizar un subsidio m\u00e1s justo, m\u00e1s transparente y verdaderamente enfocado en la salud de nuestras familias\u201d, dijo.<\/p>\n","protected":false},"excerpt":{"rendered":"<p>Avena, trigo, harina de pl\u00e1tano verde, ma\u00edz, linaza, ch\u00eda, s\u00e9samo, coliflor, yuca, racacha, c\u00farcuma, yogur probi\u00f3tico, quesos bajos en sodio, carne de cerdo, h\u00edgado de pollo, coraz\u00f3n, huevo de codorniz y una mayor variedad de pescados est\u00e1n entre los productos del subsidio prenatal y de lactancia 2026. El Servicio de Desarrollo de las Empresas P\u00fablicas [&hellip;]<\/p>\n","protected":false},"author":1,"featured_media":86196,"comment_status":"closed","ping_status":"open","sticky":false,"template":"","format":"standard","meta":{"footnotes":""},"categories":[53],"tags":[],"class_list":{"0":"post-86195","1":"post","2":"type-post","3":"status-publish","4":"format-standard","5":"has-post-thumbnail","7":"category-salud"},"_links":{"self":[{"href":"https:\/\/jms.com.bo\/mediamonitor\/wp-json\/wp\/v2\/posts\/86195","targetHints":{"allow":["GET"]}}],"collection":[{"href":"https:\/\/jms.com.bo\/mediamonitor\/wp-json\/wp\/v2\/posts"}],"about":[{"href":"https:\/\/jms.com.bo\/mediamonitor\/wp-json\/wp\/v2\/types\/post"}],"author":[{"embeddable":true,"href":"https:\/\/jms.com.bo\/mediamonitor\/wp-json\/wp\/v2\/users\/1"}],"replies":[{"embeddable":true,"href":"https:\/\/jms.com.bo\/mediamonitor\/wp-json\/wp\/v2\/comments?post=86195"}],"version-history":[{"count":0,"href":"https:\/\/jms.com.bo\/mediamonitor\/wp-json\/wp\/v2\/posts\/86195\/revisions"}],"wp:featuredmedia":[{"embeddable":true,"href":"https:\/\/jms.com.bo\/mediamonitor\/wp-json\/wp\/v2\/media\/86196"}],"wp:attachment":[{"href":"https:\/\/jms.com.bo\/mediamonitor\/wp-json\/wp\/v2\/media?parent=86195"}],"wp:term":[{"taxonomy":"category","embeddable":true,"href":"https:\/\/jms.com.bo\/mediamonitor\/wp-json\/wp\/v2\/categories?post=86195"},{"taxonomy":"post_tag","embeddable":true,"href":"https:\/\/jms.com.bo\/mediamonitor\/wp-json\/wp\/v2\/tags?post=86195"}],"curies":[{"name":"wp","href":"https:\/\/api.w.org\/{rel}","templated":true}]}}