{"id":86197,"date":"2026-04-20T07:39:23","date_gmt":"2026-04-20T11:39:23","guid":{"rendered":"https:\/\/mediamonitorbo.com.bo\/?p=20797"},"modified":"2026-04-20T07:39:23","modified_gmt":"2026-04-20T11:39:23","slug":"lunes-levantan-la-veda-y-empieza-la-pesca-comercial-del-sabalo-en-el-rio-pilcomayo","status":"publish","type":"post","link":"https:\/\/jms.com.bo\/mediamonitor\/2026\/04\/20\/lunes-levantan-la-veda-y-empieza-la-pesca-comercial-del-sabalo-en-el-rio-pilcomayo\/","title":{"rendered":"Lunes levantan la veda y empieza la pesca comercial del s\u00e1balo en el r\u00edo Pilcomayo"},"content":{"rendered":"<p style=\"text-align: justify\">Este lunes levantan la veda o la prohibici\u00f3n de la pesca comercial del s\u00e1balo en el r\u00edo Pilcomayo, se menciona que hay una nueva cantidad de s\u00e1balos que est\u00e1n nadando aguas arriba para desovar.<br \/>\nEl anuncio es del diputado nacional de los guaran\u00edes, Ren\u00e9 Arevayo Corimayo, al precisar que la informaci\u00f3n le dieron en Codefauna, dependiente de la gobernaci\u00f3n, con quien se reuni\u00f3 en los \u00faltimos d\u00edas en esta ciudad.<br \/>\n\u201cSeg\u00fan informaci\u00f3n que tenemos, de Codefauna, es el 20 de abril que se suspende la veda\u201d, confirm\u00f3 el parlamentario al indicar que intermediarios dedicados a la venta de carne de pescado, procedente de Santa Cruz, ya est\u00e1n esperando la venta de pescado.<br \/>\nEl legislador asegur\u00f3 que hay bastantes peces, incluso demasiados que est\u00e1n subiendo contra la corriente, un 90% de los territorios de los ind\u00edgenas se encuentra en las riberas del r\u00edo Pilcomayo, dedicados a la pesca.<br \/>\nLos ind\u00edgenas precisan empezar la pesca para comercializar la carne de pescado, que les significa ingresos, por eso este per\u00edodo es esperado por los comunarios que necesitan generarse ingresos para su subsistencia.<br \/>\nConsultado si los peces que est\u00e1n subiendo aguas arriba son de buen tama\u00f1o, buen peso, como para ser pescados y comercializados, respondi\u00f3 que la informaci\u00f3n que tienen es que efectivamente es as\u00ed y la suspensi\u00f3n de la veda tendr\u00eda que haber sido antes.<br \/>\nLos hermanos ind\u00edgenas ya saben que los peces de menor tama\u00f1o, no pueden ser sacados o pescados, solamente pueden pescarse a los maduros que tienen buen tama\u00f1o y peso, record\u00f3 al pedir cooperaci\u00f3n para precisar el precio que se cobre por cada s\u00e1balo.<br \/>\nEn el r\u00edo compran cada pescado a 2 bolivianos y en Tarija y otras ciudades, est\u00e1n vendiendo a 30, hasta 50 y 60 bolivianos la unidad, \u201ceso es un abuso por parte de los revendedores, esperamos que eso pueda controlarse\u201d.<br \/>\nUn precio racional de un pescado del Pilcomayo tendr\u00eda que ser de 20 bolivianos, sostuvo al admitir que todav\u00eda no se conoce cu\u00e1nto cobrar\u00e1n por s\u00e1balo los pescadores, es probable que este fin de semana logren acuerdos.<br \/>\nDENUNCIA<br \/>\nEl parlamentario habl\u00f3 de la veda y la pesca, despu\u00e9s de denunciar a algunas autoridades de Villa Montes, de decomisar algunos pescados a varios ind\u00edgenas en las \u00faltimas horas, con el criterio de que todav\u00eda la pesca comercial est\u00e1 prohibida.<br \/>\nDe acuerdo a Arevayo, los ind\u00edgenas esperan con expectativa la suspensi\u00f3n de la veda para pescar y generarse ingresos, eso tendr\u00edan que saber las autoridades y evitar situaciones como las presentadas, de decomiso de pescado que despu\u00e9s fue quemado.<\/p>\n","protected":false},"excerpt":{"rendered":"<p>Este lunes levantan la veda o la prohibici\u00f3n de la pesca comercial del s\u00e1balo en el r\u00edo Pilcomayo, se menciona que hay una nueva cantidad de s\u00e1balos que est\u00e1n nadando aguas arriba para desovar. El anuncio es del diputado nacional de los guaran\u00edes, Ren\u00e9 Arevayo Corimayo, al precisar que la informaci\u00f3n le dieron en Codefauna, [&hellip;]<\/p>\n","protected":false},"author":1,"featured_media":86198,"comment_status":"closed","ping_status":"open","sticky":false,"template":"","format":"standard","meta":{"footnotes":""},"categories":[57],"tags":[],"class_list":{"0":"post-86197","1":"post","2":"type-post","3":"status-publish","4":"format-standard","5":"has-post-thumbnail","7":"category-alimentos-y-agroindustria"},"_links":{"self":[{"href":"https:\/\/jms.com.bo\/mediamonitor\/wp-json\/wp\/v2\/posts\/86197","targetHints":{"allow":["GET"]}}],"collection":[{"href":"https:\/\/jms.com.bo\/mediamonitor\/wp-json\/wp\/v2\/posts"}],"about":[{"href":"https:\/\/jms.com.bo\/mediamonitor\/wp-json\/wp\/v2\/types\/post"}],"author":[{"embeddable":true,"href":"https:\/\/jms.com.bo\/mediamonitor\/wp-json\/wp\/v2\/users\/1"}],"replies":[{"embeddable":true,"href":"https:\/\/jms.com.bo\/mediamonitor\/wp-json\/wp\/v2\/comments?post=86197"}],"version-history":[{"count":0,"href":"https:\/\/jms.com.bo\/mediamonitor\/wp-json\/wp\/v2\/posts\/86197\/revisions"}],"wp:featuredmedia":[{"embeddable":true,"href":"https:\/\/jms.com.bo\/mediamonitor\/wp-json\/wp\/v2\/media\/86198"}],"wp:attachment":[{"href":"https:\/\/jms.com.bo\/mediamonitor\/wp-json\/wp\/v2\/media?parent=86197"}],"wp:term":[{"taxonomy":"category","embeddable":true,"href":"https:\/\/jms.com.bo\/mediamonitor\/wp-json\/wp\/v2\/categories?post=86197"},{"taxonomy":"post_tag","embeddable":true,"href":"https:\/\/jms.com.bo\/mediamonitor\/wp-json\/wp\/v2\/tags?post=86197"}],"curies":[{"name":"wp","href":"https:\/\/api.w.org\/{rel}","templated":true}]}}