{"id":86344,"date":"2026-04-23T06:44:21","date_gmt":"2026-04-23T10:44:21","guid":{"rendered":"https:\/\/mediamonitorbo.com.bo\/?p=21029"},"modified":"2026-04-23T06:44:21","modified_gmt":"2026-04-23T10:44:21","slug":"argollo-paz-arrincono-a-lara-como-un-leproso-y-chau-la-garantia","status":"publish","type":"post","link":"https:\/\/jms.com.bo\/mediamonitor\/2026\/04\/23\/argollo-paz-arrincono-a-lara-como-un-leproso-y-chau-la-garantia\/","title":{"rendered":"Argollo: Paz arrincon\u00f3 a Lara como un \u2018leproso\u2019 y \u2018chau\u2019 la garant\u00eda"},"content":{"rendered":"<p style=\"text-align: justify\">El secretario ejecutivo de la Central Obrera Boliviana (COB), Mario Argollo, lanz\u00f3 duras cr\u00edticas contra el presidente Rodrigo Paz y afirm\u00f3 que el vicepresidente Edmand Lara fue marginado del Gobierno pese a su papel \u201cclave\u201d en la campa\u00f1a electoral.<\/p>\n<p style=\"text-align: justify\">Seg\u00fan el dirigente, esta situaci\u00f3n pone en riesgo la \u201cgarant\u00eda\u201d pol\u00edtica que representaba el ahora cuestionado aliado.<\/p>\n<p style=\"text-align: justify\">\u201cAl cumpita lo ha arrinconado peor que a un leproso\u201d, declar\u00f3 Argollo.<\/p>\n<p style=\"text-align: justify\">Edmand Lara<br \/>\nAsegur\u00f3 que el mandatario olvid\u00f3 qui\u00e9nes contribuyeron a su victoria en las urnas y tom\u00f3 distancia de figuras que fueron determinantes en ese proceso.<\/p>\n<p style=\"text-align: justify\">El dirigente sostuvo que Lara fue una pieza fundamental para consolidar apoyo en distintos sectores sociales, especialmente en regiones como Huanuni, donde \u2014seg\u00fan relat\u00f3\u2014 se promovi\u00f3 la articulaci\u00f3n con comunidades y organizaciones de base. \u201cHay que ser sinceros, \u00e9l ha sido la garant\u00eda\u201d, remarc\u00f3.<\/p>\n<p style=\"text-align: justify\">Argollo tambi\u00e9n cuestion\u00f3 decisiones recientes del Ejecutivo y denunci\u00f3 que el Gobierno estar\u00eda favoreciendo a sectores que no respaldaron electoralmente a Paz. En ese marco, mencion\u00f3 a grupos empresariales y agroindustriales, a quienes acus\u00f3 de beneficiarse de las pol\u00edticas actuales.<\/p>\n<p style=\"text-align: justify\">Mario Argollo<br \/>\n\u201cSe ha olvidado qui\u00e9nes le han hecho ganar y ahora gobierna para estas familias bien favorecidas\u201d, afirm\u00f3 el m\u00e1ximo dirigente de la COB, que advirti\u00f3 de un giro en la orientaci\u00f3n pol\u00edtica del Gobierno.<\/p>\n<p style=\"text-align: justify\">Las declaraciones surgen en un contexto de creciente tensi\u00f3n entre el Ejecutivo y sectores sociales, en medio de cuestionamientos por decisiones econ\u00f3micas y denuncias sobre la gesti\u00f3n de recursos estrat\u00e9gicos. Para la dirigencia de los trabajadores, el distanciamiento con actores clave como Lara debilita la base pol\u00edtica del Gobierno.<\/p>\n<p style=\"text-align: justify\">Argollo cerr\u00f3 su intervenci\u00f3n con una advertencia: la exclusi\u00f3n de figuras que fungieron como \u201cgarant\u00eda\u201d en el proceso electoral podr\u00eda tener consecuencias en la estabilidad pol\u00edtica y en la relaci\u00f3n con las organizaciones sociales que respaldaron inicialmente al presidente.<\/p>\n<p style=\"text-align: justify\">\n","protected":false},"excerpt":{"rendered":"<p>El secretario ejecutivo de la Central Obrera Boliviana (COB), Mario Argollo, lanz\u00f3 duras cr\u00edticas contra el presidente Rodrigo Paz y afirm\u00f3 que el vicepresidente Edmand Lara fue marginado del Gobierno pese a su papel \u201cclave\u201d en la campa\u00f1a electoral. Seg\u00fan el dirigente, esta situaci\u00f3n pone en riesgo la \u201cgarant\u00eda\u201d pol\u00edtica que representaba el ahora cuestionado [&hellip;]<\/p>\n","protected":false},"author":1,"featured_media":86345,"comment_status":"closed","ping_status":"open","sticky":false,"template":"","format":"standard","meta":{"footnotes":""},"categories":[18,48,46],"tags":[],"class_list":{"0":"post-86344","1":"post","2":"type-post","3":"status-publish","4":"format-standard","5":"has-post-thumbnail","7":"category-politica","8":"category-portada-general-sitio","9":"category-portada-politica"},"_links":{"self":[{"href":"https:\/\/jms.com.bo\/mediamonitor\/wp-json\/wp\/v2\/posts\/86344","targetHints":{"allow":["GET"]}}],"collection":[{"href":"https:\/\/jms.com.bo\/mediamonitor\/wp-json\/wp\/v2\/posts"}],"about":[{"href":"https:\/\/jms.com.bo\/mediamonitor\/wp-json\/wp\/v2\/types\/post"}],"author":[{"embeddable":true,"href":"https:\/\/jms.com.bo\/mediamonitor\/wp-json\/wp\/v2\/users\/1"}],"replies":[{"embeddable":true,"href":"https:\/\/jms.com.bo\/mediamonitor\/wp-json\/wp\/v2\/comments?post=86344"}],"version-history":[{"count":0,"href":"https:\/\/jms.com.bo\/mediamonitor\/wp-json\/wp\/v2\/posts\/86344\/revisions"}],"wp:featuredmedia":[{"embeddable":true,"href":"https:\/\/jms.com.bo\/mediamonitor\/wp-json\/wp\/v2\/media\/86345"}],"wp:attachment":[{"href":"https:\/\/jms.com.bo\/mediamonitor\/wp-json\/wp\/v2\/media?parent=86344"}],"wp:term":[{"taxonomy":"category","embeddable":true,"href":"https:\/\/jms.com.bo\/mediamonitor\/wp-json\/wp\/v2\/categories?post=86344"},{"taxonomy":"post_tag","embeddable":true,"href":"https:\/\/jms.com.bo\/mediamonitor\/wp-json\/wp\/v2\/tags?post=86344"}],"curies":[{"name":"wp","href":"https:\/\/api.w.org\/{rel}","templated":true}]}}