{"id":86420,"date":"2026-04-27T06:28:26","date_gmt":"2026-04-27T10:28:26","guid":{"rendered":"https:\/\/mediamonitorbo.com.bo\/?p=21151"},"modified":"2026-04-27T06:28:26","modified_gmt":"2026-04-27T10:28:26","slug":"transporte-en-la-paz-anuncia-bloqueos-y-marcha-desde-senkata-por-desabastecimiento-de-combustibles","status":"publish","type":"post","link":"https:\/\/jms.com.bo\/mediamonitor\/2026\/04\/27\/transporte-en-la-paz-anuncia-bloqueos-y-marcha-desde-senkata-por-desabastecimiento-de-combustibles\/","title":{"rendered":"Transporte en La Paz anuncia bloqueos y marcha desde Senkata por desabastecimiento de combustibles"},"content":{"rendered":"<p style=\"text-align: justify\">La C\u00e1mara Departamental de Transporte de La Paz (Cadetran) convoc\u00f3 a sus afiliados a iniciar medidas de presi\u00f3n desde este lunes 27 de abril, con una marcha que partir\u00e1 desde la extranca de Senkata en El Alto. La decisi\u00f3n, que tambi\u00e9n incluye bloqueos de calles y carreteras, surge tras una asamblea del sector que declar\u00f3 estado de emergencia ante la falta de respuestas a sus demandas.<\/p>\n<p style=\"text-align: justify\">En un comunicado difundido este s\u00e1bado, la organizaci\u00f3n se\u00f1ala que la determinaci\u00f3n responde a los intentos de di\u00e1logo sin resultados ante distintas instancias del gobierno: \u201cEn atenci\u00f3n a las reiteradas solicitudes cursadas a Yacimientos Petrol\u00edferos Fiscales Bolivianos (YPFB), Ministerio de Obras P\u00fablicas, Ministerio de la Presidencia y Canciller\u00eda, sin haber obtenido respuesta efectiva, el sector se ha declarado en estado de emergencia\u201d, indica el documento.<\/p>\n<p style=\"text-align: justify\">Entre sus demandas, expresan su rechazo a la situaci\u00f3n actual en relaci\u00f3n a los combustibles: \u201cexigimos la regularizaci\u00f3n inmediata del abastecimiento de combustible, considerando que el sector ha coadyuvado con el incremento del precio del combustible a Bs 9,80, por lo que no existe justificativo para la actual escasez\u201d, se\u00f1ala el pronunciamiento. Tambi\u00e9n plantea observaciones a empresas del rubro y pide la devoluci\u00f3n de camiones retenidos en Per\u00fa.<\/p>\n<p style=\"text-align: justify\">La convocatoria establece la movilizaci\u00f3n para el d\u00eda lunes 27 de abril, con punto de concentraci\u00f3n en la extranca Senkata, desde las 07:00.<\/p>\n<p style=\"text-align: justify\">Contexto<\/p>\n<p style=\"text-align: justify\">Ya en horas de la ma\u00f1ana de este s\u00e1bado, varios camiones cortaron la ruta a Oruro por algunas horas, con el mismo reclamo. Estas medidas se presentan en medio de una serie de reclamos de diversos sectores del transporte por la escasez de combustible en el pa\u00eds. A la falta de di\u00e9sel que ya lleva varios d\u00edas y tambi\u00e9n afecta al sector agroproductor de Santa Cruz y Cochabamba, en las \u00faltimas horas se sum\u00f3 tambi\u00e9n la escasez de gasolina en algunas regiones.<\/p>\n<p style=\"text-align: justify\">En d\u00edas pasados, dirigentes advirtieron sobre filas prolongadas, afectaci\u00f3n a miles de veh\u00edculos y la posibilidad de nuevas medidas de presi\u00f3n si no se atiende la demanda de abastecimiento. A este reclamo, se suma tambi\u00e9n la persistente queja por el combustible en mal estado, la afectaci\u00f3n a los veh\u00edculos y las demoras en el proceso de resarcimiento que lleva adelante YPFB.<\/p>\n<p style=\"text-align: justify\">En este contexto, autoridades del ministerio de Hidrocarburos y de la estatal petrolera aseguraron el viernes que la merma en el suministro de di\u00e9sel se debe a la sobredemanda por el ciclo agr\u00edcola y a la imposibilidad de descargar buques en el puerto de Arica debido a factores clim\u00e1ticos. No obstante, anunciaron que en las \u00faltimas horas se distribuy\u00f3, desde la planta de Senkata, dos millones de litros de este carburante a diferentes regiones y otros cuatro millones de litros tambi\u00e9n se despacharon desde Palmasola; adem\u00e1s, el nuevo presidente de YPFB Sebasti\u00e1n Daroca inform\u00f3 en sus redes sociales que hasta el martes 28 se prev\u00e9 la llegada de m\u00e1s de 1.200 cisternas, actualmente en tr\u00e1nsito, para reforzar el abastecimiento de combustibles.<\/p>\n","protected":false},"excerpt":{"rendered":"<p>La C\u00e1mara Departamental de Transporte de La Paz (Cadetran) convoc\u00f3 a sus afiliados a iniciar medidas de presi\u00f3n desde este lunes 27 de abril, con una marcha que partir\u00e1 desde la extranca de Senkata en El Alto. La decisi\u00f3n, que tambi\u00e9n incluye bloqueos de calles y carreteras, surge tras una asamblea del sector que declar\u00f3 [&hellip;]<\/p>\n","protected":false},"author":1,"featured_media":86421,"comment_status":"closed","ping_status":"open","sticky":false,"template":"","format":"standard","meta":{"footnotes":""},"categories":[49],"tags":[],"class_list":{"0":"post-86420","1":"post","2":"type-post","3":"status-publish","4":"format-standard","5":"has-post-thumbnail","7":"category-social"},"_links":{"self":[{"href":"https:\/\/jms.com.bo\/mediamonitor\/wp-json\/wp\/v2\/posts\/86420","targetHints":{"allow":["GET"]}}],"collection":[{"href":"https:\/\/jms.com.bo\/mediamonitor\/wp-json\/wp\/v2\/posts"}],"about":[{"href":"https:\/\/jms.com.bo\/mediamonitor\/wp-json\/wp\/v2\/types\/post"}],"author":[{"embeddable":true,"href":"https:\/\/jms.com.bo\/mediamonitor\/wp-json\/wp\/v2\/users\/1"}],"replies":[{"embeddable":true,"href":"https:\/\/jms.com.bo\/mediamonitor\/wp-json\/wp\/v2\/comments?post=86420"}],"version-history":[{"count":0,"href":"https:\/\/jms.com.bo\/mediamonitor\/wp-json\/wp\/v2\/posts\/86420\/revisions"}],"wp:featuredmedia":[{"embeddable":true,"href":"https:\/\/jms.com.bo\/mediamonitor\/wp-json\/wp\/v2\/media\/86421"}],"wp:attachment":[{"href":"https:\/\/jms.com.bo\/mediamonitor\/wp-json\/wp\/v2\/media?parent=86420"}],"wp:term":[{"taxonomy":"category","embeddable":true,"href":"https:\/\/jms.com.bo\/mediamonitor\/wp-json\/wp\/v2\/categories?post=86420"},{"taxonomy":"post_tag","embeddable":true,"href":"https:\/\/jms.com.bo\/mediamonitor\/wp-json\/wp\/v2\/tags?post=86420"}],"curies":[{"name":"wp","href":"https:\/\/api.w.org\/{rel}","templated":true}]}}