{"id":86424,"date":"2026-04-27T06:31:14","date_gmt":"2026-04-27T10:31:14","guid":{"rendered":"https:\/\/mediamonitorbo.com.bo\/?p=21157"},"modified":"2026-04-27T06:31:14","modified_gmt":"2026-04-27T10:31:14","slug":"santa-cruz-empresa-confirma-reactivacion-del-servicio-de-basura-tras-pago-parcial-de-la-alcaldia","status":"publish","type":"post","link":"https:\/\/jms.com.bo\/mediamonitor\/2026\/04\/27\/santa-cruz-empresa-confirma-reactivacion-del-servicio-de-basura-tras-pago-parcial-de-la-alcaldia\/","title":{"rendered":"Santa Cruz: Empresa confirma reactivaci\u00f3n del servicio de basura tras \u201cpago parcial\u201d de la Alcald\u00eda"},"content":{"rendered":"<p style=\"text-align: justify\">El servicio de aseo urbano en Santa Cruz de la Sierra volvi\u00f3 este s\u00e1bado a la normalidad, luego del pago parcial realizado por el Gobierno Municipal a la empresa Pira\u00ed. El gerente de operaciones de la compa\u00f1\u00eda, Marcelo Delf\u00edn, inform\u00f3 que la prioridad del trabajo ser\u00e1 por el momento en los mercados, los anillos de la capital cruce\u00f1a y radiales, con el objetivo de normalizar el retiro de los desechos s\u00f3lidos en los pr\u00f3ximos dos d\u00edas.<\/p>\n<p style=\"text-align: justify\">Esto implica el desplazamiento de todo su personal y la maquinaria necesaria para recoger la basura y trasladarla al botadero municipal.<\/p>\n<p style=\"text-align: justify\">Detalle de las operaciones<\/p>\n<p style=\"text-align: justify\">\u201cHabiendo recibido un pago parcial de la deuda y existiendo un compromiso formal por la regularizaci\u00f3n por parte de la Alcald\u00eda, hemos decidido reanudar de inmediato todas nuestras operaciones de aseo urbano, siempre pensando en el bienestar de la poblaci\u00f3n y la limpieza de nuestra ciudad\u201d, sostuvo el ejecutivo.<\/p>\n<p style=\"text-align: justify\">Por su parte, la Empresa Municipal de Aseo Urbano de Santa Cruz (Emacruz) comunic\u00f3 que se restablecen -en horarios habituales- el 100% los servicios de recolecci\u00f3n, barrido y limpieza en la ciudad.<\/p>\n","protected":false},"excerpt":{"rendered":"<p>El servicio de aseo urbano en Santa Cruz de la Sierra volvi\u00f3 este s\u00e1bado a la normalidad, luego del pago parcial realizado por el Gobierno Municipal a la empresa Pira\u00ed. El gerente de operaciones de la compa\u00f1\u00eda, Marcelo Delf\u00edn, inform\u00f3 que la prioridad del trabajo ser\u00e1 por el momento en los mercados, los anillos de [&hellip;]<\/p>\n","protected":false},"author":1,"featured_media":86425,"comment_status":"closed","ping_status":"open","sticky":false,"template":"","format":"standard","meta":{"footnotes":""},"categories":[20],"tags":[],"class_list":{"0":"post-86424","1":"post","2":"type-post","3":"status-publish","4":"format-standard","5":"has-post-thumbnail","7":"category-actualidad"},"_links":{"self":[{"href":"https:\/\/jms.com.bo\/mediamonitor\/wp-json\/wp\/v2\/posts\/86424","targetHints":{"allow":["GET"]}}],"collection":[{"href":"https:\/\/jms.com.bo\/mediamonitor\/wp-json\/wp\/v2\/posts"}],"about":[{"href":"https:\/\/jms.com.bo\/mediamonitor\/wp-json\/wp\/v2\/types\/post"}],"author":[{"embeddable":true,"href":"https:\/\/jms.com.bo\/mediamonitor\/wp-json\/wp\/v2\/users\/1"}],"replies":[{"embeddable":true,"href":"https:\/\/jms.com.bo\/mediamonitor\/wp-json\/wp\/v2\/comments?post=86424"}],"version-history":[{"count":0,"href":"https:\/\/jms.com.bo\/mediamonitor\/wp-json\/wp\/v2\/posts\/86424\/revisions"}],"wp:featuredmedia":[{"embeddable":true,"href":"https:\/\/jms.com.bo\/mediamonitor\/wp-json\/wp\/v2\/media\/86425"}],"wp:attachment":[{"href":"https:\/\/jms.com.bo\/mediamonitor\/wp-json\/wp\/v2\/media?parent=86424"}],"wp:term":[{"taxonomy":"category","embeddable":true,"href":"https:\/\/jms.com.bo\/mediamonitor\/wp-json\/wp\/v2\/categories?post=86424"},{"taxonomy":"post_tag","embeddable":true,"href":"https:\/\/jms.com.bo\/mediamonitor\/wp-json\/wp\/v2\/tags?post=86424"}],"curies":[{"name":"wp","href":"https:\/\/api.w.org\/{rel}","templated":true}]}}