{"id":86430,"date":"2026-04-27T06:35:07","date_gmt":"2026-04-27T10:35:07","guid":{"rendered":"https:\/\/mediamonitorbo.com.bo\/?p=21166"},"modified":"2026-04-27T06:35:07","modified_gmt":"2026-04-27T10:35:07","slug":"morales-celebra-triunfo-en-mas-de-100-alcaldias-y-dice-que-bolivia-tiene-ocho-gobernadores-y-un-prefecto","status":"publish","type":"post","link":"https:\/\/jms.com.bo\/mediamonitor\/2026\/04\/27\/morales-celebra-triunfo-en-mas-de-100-alcaldias-y-dice-que-bolivia-tiene-ocho-gobernadores-y-un-prefecto\/","title":{"rendered":"Morales celebra triunfo en m\u00e1s de 100 alcald\u00edas y dice que Bolivia tiene ocho gobernadores y un prefecto"},"content":{"rendered":"<p style=\"text-align: justify\">El l\u00edder de la agrupaci\u00f3n \u201cEvo Pueblo\u201d, Evo Morales, celebr\u00f3 los resultados obtenidos en las elecciones subnacionales y asegur\u00f3 que su organizaci\u00f3n pol\u00edtica logr\u00f3 presencia en m\u00e1s de 100 alcald\u00edas del pa\u00eds, pese a no contar con personer\u00eda jur\u00eddica propia. \u201cSeguimos siendo el movimiento pol\u00edtico m\u00e1s grande de nuestra amada Bolivia\u201d, afirm\u00f3.<\/p>\n<p style=\"text-align: justify\">Morales explic\u00f3 que varios de los alcaldes electos fueron postulados de manera org\u00e1nica por sindicatos y organizaciones sociales, mientras que otros participaron mediante alianzas y agrupaciones ciudadanas con personer\u00eda vigente. Seg\u00fan detall\u00f3, en Cochabamba su sector obtuvo 35 de las 48 alcald\u00edas en disputa.<\/p>\n<p style=\"text-align: justify\">\u201cAntes usaban partidos para que votemos por la derecha; ahora usamos las siglas de esos partidos para que Evo Pueblo tenga alcaldes, alcaldesas, concejales y hasta asamble\u00edstas\u201d, sostuvo durante una conferencia de prensa.<\/p>\n<p style=\"text-align: justify\">El exmandatario desafi\u00f3 a analistas y observadores pol\u00edticos a identificar otra fuerza pol\u00edtica que haya alcanzado una representaci\u00f3n similar en las elecciones subnacionales. Asegur\u00f3 que los resultados consolidan a \u201cEvo Pueblo\u201d como una estructura con fuerte respaldo territorial.<\/p>\n<p style=\"text-align: justify\">Morales tambi\u00e9n compar\u00f3 los actuales resultados con las elecciones subnacionales de 2021, cuando el MAS-IPSP gan\u00f3 seis gobernaciones. Record\u00f3 que entonces obtuvo triunfos en primera vuelta en Cochabamba, Potos\u00ed y Oruro, mientras que La Paz, Pando y Tarija fueron conquistadas en segunda vuelta.<\/p>\n<p style=\"text-align: justify\">En contraste, afirm\u00f3 que el actual gobierno \u201ccon semejante poder pol\u00edtico\u201d no logr\u00f3 imponerse en ninguna gobernaci\u00f3n en primera vuelta y solo consigui\u00f3 la victoria en Beni durante el balotaje.<\/p>\n<p style=\"text-align: justify\">El exmandatario cuestion\u00f3 adem\u00e1s la situaci\u00f3n pol\u00edtica en La Paz y afirm\u00f3 que \u201cBolivia tiene ocho gobernadores y un prefecto\u201d, en referencia a la proclamaci\u00f3n de Luis Revilla como gobernador electo tras la suspensi\u00f3n de la segunda vuelta departamental.<\/p>\n<p style=\"text-align: justify\">Luis Revilla Herrero era candidato de la alianza Patria Sol, vinculada al presidente Rodrigo Paz, fue proclamado gobernador luego de que el partido Nueva Generaci\u00f3n Patri\u00f3tica (NGP) retirara el respaldo a su postulante Ren\u00e9 Yahuasi, con quien deb\u00eda disputar la segunda vuelta. El TSE decidi\u00f3 aplicar la normativa vigente y suspendi\u00f3 el balotaje en el departamento.<\/p>\n<p style=\"text-align: justify\">Hist\u00f3ricamente, los prefectos eran autoridades designadas directamente por el presidente de la Rep\u00fablica como representantes del poder central en los departamentos. Ese modelo cambi\u00f3 en 2005 con la instauraci\u00f3n de la elecci\u00f3n por voto popular y posteriormente, con la actual Constituci\u00f3n Pol\u00edtica del Estado, la figura fue sustituida por la de gobernador. En ese contexto, Morales utiliz\u00f3 el t\u00e9rmino \u201cprefecto\u201d de manera ir\u00f3nica para cuestionar la legitimidad pol\u00edtica de Revilla, insinuando que su llegada al cargo no fue resultado directo del voto ciudadano en segunda vuelta, sino de una determinaci\u00f3n administrativa del \u00f3rgano electoral.<\/p>\n<p style=\"text-align: justify\">Morales anunci\u00f3 la convocatoria a un ampliado nacional de Evo Pueblo para el pr\u00f3ximo 9 de mayo en Lauca \u00d1, donde se evaluar\u00e1n los resultados electorales y se definir\u00e1 la estrategia pol\u00edtica del bloque de cara a los pr\u00f3ximos desaf\u00edos nacionales.<\/p>\n","protected":false},"excerpt":{"rendered":"<p>El l\u00edder de la agrupaci\u00f3n \u201cEvo Pueblo\u201d, Evo Morales, celebr\u00f3 los resultados obtenidos en las elecciones subnacionales y asegur\u00f3 que su organizaci\u00f3n pol\u00edtica logr\u00f3 presencia en m\u00e1s de 100 alcald\u00edas del pa\u00eds, pese a no contar con personer\u00eda jur\u00eddica propia. \u201cSeguimos siendo el movimiento pol\u00edtico m\u00e1s grande de nuestra amada Bolivia\u201d, afirm\u00f3. Morales explic\u00f3 que [&hellip;]<\/p>\n","protected":false},"author":1,"featured_media":86431,"comment_status":"closed","ping_status":"open","sticky":false,"template":"","format":"standard","meta":{"footnotes":""},"categories":[18],"tags":[],"class_list":{"0":"post-86430","1":"post","2":"type-post","3":"status-publish","4":"format-standard","5":"has-post-thumbnail","7":"category-politica"},"_links":{"self":[{"href":"https:\/\/jms.com.bo\/mediamonitor\/wp-json\/wp\/v2\/posts\/86430","targetHints":{"allow":["GET"]}}],"collection":[{"href":"https:\/\/jms.com.bo\/mediamonitor\/wp-json\/wp\/v2\/posts"}],"about":[{"href":"https:\/\/jms.com.bo\/mediamonitor\/wp-json\/wp\/v2\/types\/post"}],"author":[{"embeddable":true,"href":"https:\/\/jms.com.bo\/mediamonitor\/wp-json\/wp\/v2\/users\/1"}],"replies":[{"embeddable":true,"href":"https:\/\/jms.com.bo\/mediamonitor\/wp-json\/wp\/v2\/comments?post=86430"}],"version-history":[{"count":0,"href":"https:\/\/jms.com.bo\/mediamonitor\/wp-json\/wp\/v2\/posts\/86430\/revisions"}],"wp:featuredmedia":[{"embeddable":true,"href":"https:\/\/jms.com.bo\/mediamonitor\/wp-json\/wp\/v2\/media\/86431"}],"wp:attachment":[{"href":"https:\/\/jms.com.bo\/mediamonitor\/wp-json\/wp\/v2\/media?parent=86430"}],"wp:term":[{"taxonomy":"category","embeddable":true,"href":"https:\/\/jms.com.bo\/mediamonitor\/wp-json\/wp\/v2\/categories?post=86430"},{"taxonomy":"post_tag","embeddable":true,"href":"https:\/\/jms.com.bo\/mediamonitor\/wp-json\/wp\/v2\/tags?post=86430"}],"curies":[{"name":"wp","href":"https:\/\/api.w.org\/{rel}","templated":true}]}}