{"id":86432,"date":"2026-04-27T06:36:02","date_gmt":"2026-04-27T10:36:02","guid":{"rendered":"https:\/\/mediamonitorbo.com.bo\/?p=21169"},"modified":"2026-04-27T06:36:02","modified_gmt":"2026-04-27T10:36:02","slug":"no-le-tengo-miedo-a-las-movilizaciones-dice-el-presidente-rodrigo-paz","status":"publish","type":"post","link":"https:\/\/jms.com.bo\/mediamonitor\/2026\/04\/27\/no-le-tengo-miedo-a-las-movilizaciones-dice-el-presidente-rodrigo-paz\/","title":{"rendered":"\u201cNo le tengo miedo a las movilizaciones\u201d, dice el presidente Rodrigo Paz"},"content":{"rendered":"<p style=\"text-align: justify\">\u201cBolivia quiere cambio y yo no le tengo miedo a las movilizaciones; soy un constructor de la democracia que creci\u00f3 entre marchas y liderazgos hist\u00f3ricos\u201d, escribi\u00f3 el presidente Rodrigo Paz.<\/p>\n<p style=\"text-align: justify\">En una serie de publicaciones en sus cuentas en redes sociales, el mandatario se refiri\u00f3, la noche de este s\u00e1bado, a la coyuntura pol\u00edtica social que vive el pa\u00eds, en un momento en el que se anuncian movilizaciones de diferentes sectores sociales en torno a diferentes demandas.<\/p>\n<p style=\"text-align: justify\">\u201cNo me asusta el movimiento en las calles, lo que realmente me preocupa es que no seamos capaces de ofrecer soluciones reales para el futuro de nuestra patria\u201d, agrega en uno de sus posteos.<\/p>\n<p style=\"text-align: justify\">En otra publicaci\u00f3n \u2013en ambos casos vienen acompa\u00f1adas con videos referenciales a actividades oficiales en los \u00faltimos d\u00edas\u2013, Paz escribi\u00f3: \u201cen esta oportunidad que el pueblo nos ha dado, nos sentamos a resolver problemas y dar un futuro a la patria con un gran acuerdo nacional\u201d, en referencia a la reciente reuni\u00f3n, el viernes, del jefe de Estado con los gobernadores electos. \u201cRespetamos cada identidad pol\u00edtica, pero hoy construimos juntos las respuestas que Bolivia necesita no a corto, sino a mediano y largo plazo. Es el momento de reflexionar sobre nuestra representatividad para cumplir con la voluntad de los ciudadanos que hoy definen nuestro camino\u201d, agrega.<\/p>\n<p style=\"text-align: justify\">\u201cEs momento de transformar la gesti\u00f3n p\u00fablica en acuerdos reales entre instituciones, dejando atr\u00e1s la burocracia que antes nos limitaba\u201d, escribi\u00f3 en la misma serie.<\/p>\n<p style=\"text-align: justify\">Entre viernes y s\u00e1bado, diversos sectores se declararon \u201cen emergencia\u201d y anunciaron movilizaciones, marchas y bloqueos. El problema central es la merma en el suministro de di\u00e9sel por lo que diversos sectores del transporte emitieron comunicados, realizaron bloqueos espor\u00e1dicos y anunciaron cabildos para definir medidas.<\/p>\n<p style=\"text-align: justify\">Tambi\u00e9n el magisterio urbano est\u00e1 en apronte, tras haber tenido una serie de reuniones sin resultados con autoridades educativas: demandan incremento salarial superior al que pide la COB, y adem\u00e1s tienen un pliego con varios pedidos espec\u00edficos en cuanto a \u00edtems y cargas horarias.<\/p>\n<p style=\"text-align: justify\">A estos problemas se suman los de los ind\u00edgenas y campesinos que rechazan la ley de conversi\u00f3n de tierras, y el de la Central Obrera Boliviana que tiene previsto para el 1 de mayo un gran cabildo nacional en el que definir\u00e1n \u201cestrategias de lucha\u201d para lograr atenci\u00f3n a su pliego petitorio que est\u00e1 encabezado por la demanda de un incremento salarial de 20 %.<\/p>\n","protected":false},"excerpt":{"rendered":"<p>\u201cBolivia quiere cambio y yo no le tengo miedo a las movilizaciones; soy un constructor de la democracia que creci\u00f3 entre marchas y liderazgos hist\u00f3ricos\u201d, escribi\u00f3 el presidente Rodrigo Paz. En una serie de publicaciones en sus cuentas en redes sociales, el mandatario se refiri\u00f3, la noche de este s\u00e1bado, a la coyuntura pol\u00edtica social [&hellip;]<\/p>\n","protected":false},"author":1,"featured_media":86433,"comment_status":"closed","ping_status":"open","sticky":false,"template":"","format":"standard","meta":{"footnotes":""},"categories":[18],"tags":[],"class_list":{"0":"post-86432","1":"post","2":"type-post","3":"status-publish","4":"format-standard","5":"has-post-thumbnail","7":"category-politica"},"_links":{"self":[{"href":"https:\/\/jms.com.bo\/mediamonitor\/wp-json\/wp\/v2\/posts\/86432","targetHints":{"allow":["GET"]}}],"collection":[{"href":"https:\/\/jms.com.bo\/mediamonitor\/wp-json\/wp\/v2\/posts"}],"about":[{"href":"https:\/\/jms.com.bo\/mediamonitor\/wp-json\/wp\/v2\/types\/post"}],"author":[{"embeddable":true,"href":"https:\/\/jms.com.bo\/mediamonitor\/wp-json\/wp\/v2\/users\/1"}],"replies":[{"embeddable":true,"href":"https:\/\/jms.com.bo\/mediamonitor\/wp-json\/wp\/v2\/comments?post=86432"}],"version-history":[{"count":0,"href":"https:\/\/jms.com.bo\/mediamonitor\/wp-json\/wp\/v2\/posts\/86432\/revisions"}],"wp:featuredmedia":[{"embeddable":true,"href":"https:\/\/jms.com.bo\/mediamonitor\/wp-json\/wp\/v2\/media\/86433"}],"wp:attachment":[{"href":"https:\/\/jms.com.bo\/mediamonitor\/wp-json\/wp\/v2\/media?parent=86432"}],"wp:term":[{"taxonomy":"category","embeddable":true,"href":"https:\/\/jms.com.bo\/mediamonitor\/wp-json\/wp\/v2\/categories?post=86432"},{"taxonomy":"post_tag","embeddable":true,"href":"https:\/\/jms.com.bo\/mediamonitor\/wp-json\/wp\/v2\/tags?post=86432"}],"curies":[{"name":"wp","href":"https:\/\/api.w.org\/{rel}","templated":true}]}}