{"id":86440,"date":"2026-04-27T06:41:20","date_gmt":"2026-04-27T10:41:20","guid":{"rendered":"https:\/\/mediamonitorbo.com.bo\/?p=21181"},"modified":"2026-04-27T06:41:20","modified_gmt":"2026-04-27T10:41:20","slug":"analistas-advierten-crisis-multiple-y-creciente-incertidumbre-sobre-el-futuro-del-pais","status":"publish","type":"post","link":"https:\/\/jms.com.bo\/mediamonitor\/2026\/04\/27\/analistas-advierten-crisis-multiple-y-creciente-incertidumbre-sobre-el-futuro-del-pais\/","title":{"rendered":"Analistas advierten \u201ccrisis m\u00faltiple\u201d y creciente incertidumbre sobre el futuro del pa\u00eds"},"content":{"rendered":"<p style=\"text-align: justify\">Los analistas econ\u00f3micos Horst Grebe y Gonzalo Colque coincidieron en que Bolivia atraviesa una \u201ccrisis m\u00faltiple\u201d marcada por el deterioro del sector hidrocarbur\u00edfero, un elevado d\u00e9ficit fiscal, escasez de d\u00f3lares, problemas de abastecimiento de combustibles y una creciente incertidumbre econ\u00f3mica e institucional sobre el futuro del pa\u00eds.<\/p>\n<p style=\"text-align: justify\">Durante el programaHagamos Democraciade la red Erbol, ambos especialistas se\u00f1alaron que la actual situaci\u00f3n refleja problemas estructurales acumulados durante varios a\u00f1os y advirtieron que el nuevo gobierno enfrenta un escenario sumamente complejo.<\/p>\n<p style=\"text-align: justify\">Grebe sostuvo que la crisis es \u201cinnegable\u201d y responde a una combinaci\u00f3n de factores que comenzaron a manifestarse desde mediados de la pasada d\u00e9cada, principalmente con la ca\u00edda sostenida de la producci\u00f3n de hidrocarburos y la reducci\u00f3n de las exportaciones de gas natural.<\/p>\n<p style=\"text-align: justify\">\u201cEl pa\u00eds enfrenta una crisis econ\u00f3mica, institucional y pol\u00edtica. La econom\u00eda no creci\u00f3 en 2023; al contrario, registr\u00f3 un decrecimiento aproximado del 1,6%, seg\u00fan cifras oficiales\u201d, afirm\u00f3.<\/p>\n<p style=\"text-align: justify\">El economista se\u00f1al\u00f3 que las expresiones m\u00e1s visibles de la crisis son la falta de d\u00f3lares, el desabastecimiento de combustibles y la baja calidad de los carburantes importados. A su juicio, el problema central radica en la situaci\u00f3n de YPFB y la p\u00e9rdida de capacidad para abastecer tanto el mercado interno como las exportaciones de gas.<\/p>\n<p style=\"text-align: justify\">\u201cLa ca\u00edda del gas natural ha sido dram\u00e1tica y ha alterado estructuralmente la situaci\u00f3n boliviana en materia de hidrocarburos\u201d, sostuvo Grebe, quien adem\u00e1s advirti\u00f3 que el pa\u00eds atraviesa un escenario de \u201cestanflaci\u00f3n\u201d, caracterizado por estancamiento econ\u00f3mico combinado con inflaci\u00f3n.<\/p>\n<p style=\"text-align: justify\">A\u00f1adi\u00f3 que la inflaci\u00f3n todav\u00eda se mantiene oficialmente por debajo del 20%, aunque la percepci\u00f3n de los hogares es distinta debido al incremento sostenido de precios y las dificultades de abastecimiento. \u201cEstamos en una situaci\u00f3n de estanflaci\u00f3n con gran incertidumbre sobre el futuro, sobre el empleo y sobre las empresas estatales\u201d, afirm\u00f3.<\/p>\n<p style=\"text-align: justify\">Por su parte, Gonzalo Colque remarc\u00f3 que la crisis de combustibles dej\u00f3 en evidencia la alta dependencia de las importaciones de di\u00e9sel y gasolina, situaci\u00f3n que se agrava por la falta de divisas.<\/p>\n<p style=\"text-align: justify\">\u201cNo hay d\u00f3lares, aunque el gobierno no quiera reconocerlo. Ese es el problema central detr\u00e1s de la dificultad para importar combustibles\u201d, afirm\u00f3.<\/p>\n<p style=\"text-align: justify\">El analista cuestion\u00f3 que, pese al incremento en el precio de los carburantes y al anuncio oficial de un supuesto ahorro diario de 10 millones de d\u00f3lares, la escasez de divisas persiste.<\/p>\n<p style=\"text-align: justify\">\u201cLa gente se pregunta d\u00f3nde est\u00e1n esos recursos. Los bolivianos que ingresan al Estado no se convierten autom\u00e1ticamente en d\u00f3lares; eso requiere una gesti\u00f3n econ\u00f3mica espec\u00edfica que hasta ahora no se ha visto\u201d, explic\u00f3.<\/p>\n<p style=\"text-align: justify\">Colque consider\u00f3 que en los \u00faltimos meses no se realizaron reformas econ\u00f3micas de fondo para enfrentar el problema estructural de divisas, por lo que el pa\u00eds contin\u00faa pr\u00e1cticamente en la misma situaci\u00f3n que hace un a\u00f1o.<\/p>\n<p style=\"text-align: justify\">\u201cSeguimos sin d\u00f3lares para garantizar el abastecimiento de combustibles, pese al aumento de precios de la gasolina y el di\u00e9sel\u201d, puntualiz\u00f3.<\/p>\n","protected":false},"excerpt":{"rendered":"<p>Los analistas econ\u00f3micos Horst Grebe y Gonzalo Colque coincidieron en que Bolivia atraviesa una \u201ccrisis m\u00faltiple\u201d marcada por el deterioro del sector hidrocarbur\u00edfero, un elevado d\u00e9ficit fiscal, escasez de d\u00f3lares, problemas de abastecimiento de combustibles y una creciente incertidumbre econ\u00f3mica e institucional sobre el futuro del pa\u00eds. Durante el programaHagamos Democraciade la red Erbol, ambos [&hellip;]<\/p>\n","protected":false},"author":1,"featured_media":86441,"comment_status":"closed","ping_status":"open","sticky":false,"template":"","format":"standard","meta":{"footnotes":""},"categories":[25],"tags":[],"class_list":{"0":"post-86440","1":"post","2":"type-post","3":"status-publish","4":"format-standard","5":"has-post-thumbnail","7":"category-economia"},"_links":{"self":[{"href":"https:\/\/jms.com.bo\/mediamonitor\/wp-json\/wp\/v2\/posts\/86440","targetHints":{"allow":["GET"]}}],"collection":[{"href":"https:\/\/jms.com.bo\/mediamonitor\/wp-json\/wp\/v2\/posts"}],"about":[{"href":"https:\/\/jms.com.bo\/mediamonitor\/wp-json\/wp\/v2\/types\/post"}],"author":[{"embeddable":true,"href":"https:\/\/jms.com.bo\/mediamonitor\/wp-json\/wp\/v2\/users\/1"}],"replies":[{"embeddable":true,"href":"https:\/\/jms.com.bo\/mediamonitor\/wp-json\/wp\/v2\/comments?post=86440"}],"version-history":[{"count":0,"href":"https:\/\/jms.com.bo\/mediamonitor\/wp-json\/wp\/v2\/posts\/86440\/revisions"}],"wp:featuredmedia":[{"embeddable":true,"href":"https:\/\/jms.com.bo\/mediamonitor\/wp-json\/wp\/v2\/media\/86441"}],"wp:attachment":[{"href":"https:\/\/jms.com.bo\/mediamonitor\/wp-json\/wp\/v2\/media?parent=86440"}],"wp:term":[{"taxonomy":"category","embeddable":true,"href":"https:\/\/jms.com.bo\/mediamonitor\/wp-json\/wp\/v2\/categories?post=86440"},{"taxonomy":"post_tag","embeddable":true,"href":"https:\/\/jms.com.bo\/mediamonitor\/wp-json\/wp\/v2\/tags?post=86440"}],"curies":[{"name":"wp","href":"https:\/\/api.w.org\/{rel}","templated":true}]}}