{"id":86444,"date":"2026-04-27T06:43:55","date_gmt":"2026-04-27T10:43:55","guid":{"rendered":"https:\/\/mediamonitorbo.com.bo\/?p=21187"},"modified":"2026-04-27T06:43:55","modified_gmt":"2026-04-27T10:43:55","slug":"el-proyecto-carrizal-divide-opiniones-entre-los-indigenas","status":"publish","type":"post","link":"https:\/\/jms.com.bo\/mediamonitor\/2026\/04\/27\/el-proyecto-carrizal-divide-opiniones-entre-los-indigenas\/","title":{"rendered":"El proyecto Carrizal divide opiniones entre los ind\u00edgenas"},"content":{"rendered":"<p style=\"text-align: justify\">El Proyecto Hidroel\u00e9ctrico Carrizal ha generado expectativa entre autoridades y la dirigencia c\u00edvica del departamento de Tarija, sobre todo de la Regi\u00f3n Aut\u00f3noma del Chaco. Pero tambi\u00e9n desconfianza y preocupaci\u00f3n entre ambientalistas y habitantes de comunidades que est\u00e1n en las riberas del r\u00edo Pilcomayo, por el impacto que se advierte para este afluente.<\/p>\n<p style=\"text-align: justify\">Entre los pueblos ind\u00edgenas hay opiniones encontradas, entre quienes apoyan el proyecto y entre quienes lo rechazan por temor a las consecuencias que pueda arrastrar a futuro. Lo coincidente entre ambos bandos es que no hay una informaci\u00f3n clara sobre Carrizal.<\/p>\n<p style=\"text-align: justify\">Carrizal<\/p>\n<p style=\"text-align: justify\">El Proyecto Hidroel\u00e9ctrico Carrizal surge ante la creciente preocupaci\u00f3n por una inminente crisis de energ\u00eda el\u00e9ctrica en el pa\u00eds, que se genera con gas natural, energ\u00e9tico que Bolivia cada vez produce menos.<\/p>\n<p style=\"text-align: justify\">Carrizal est\u00e1 proyectada en el r\u00edo Cambalaya (que se une con el Pilaya para formar el Pilcomayo), l\u00edmite entre los departamentos de Tarija y Chuquisaca. Se trata de una presa de 160 metros de altura, que crear\u00e1 un espejo de agua de 30 kil\u00f3metros cuadrados, y a trav\u00e9s de un t\u00fanel de conducci\u00f3n se generar\u00e1n aproximadamente 360 megavatios de energ\u00eda.<\/p>\n<p style=\"text-align: justify\">Es un proyecto caro, pues requiere una inversi\u00f3n aproximada de 1.300 millones de d\u00f3lares, monto que debe someterse a una actualizaci\u00f3n de costos. Su mantenimiento resultar\u00eda alto tambi\u00e9n, considerando que el Pilcomayo es uno de los r\u00edos que m\u00e1s sedimentos arrastras.<\/p>\n<p style=\"text-align: justify\">Pueblos ind\u00edgenas<\/p>\n<p style=\"text-align: justify\">\u200b La Organizaci\u00f3n de Capitan\u00edas Weenhayek de Tarija (ORCAWETA) convoc\u00f3 para el s\u00e1bado 25 de abril a una reuni\u00f3n de emergencia, para analizar, como \u00fanico punto, el proyecto Carrizal.<\/p>\n<p style=\"text-align: justify\">Francisco Nazario P\u00e9rez, capit\u00e1n grande de ORCAWETA, indic\u00f3 que la preocupaci\u00f3n surge por advertencias de que esta obra amenaza el ecosistema del r\u00edo Pilcomayo, sobre todo la producci\u00f3n de peces.<\/p>\n<p style=\"text-align: justify\">\u201cEs la fuente de subsistencia m\u00e1s importante que tenemos, de esto no solo el pueblo Weenhayek vive, sino toda la poblaci\u00f3n de Villa Montes, las personas que comercializan el s\u00e1balo, el transporte que tambi\u00e9n se beneficia, todos deber\u00edamos estar involucrados\u201d, dijo P\u00e9rez el pasado viernes.<\/p>\n<p style=\"text-align: justify\">El Pa\u00eds intent\u00f3 conocer los resultados de esta reuni\u00f3n, sin embargo, no se pudo establecer comunicaci\u00f3n con P\u00e9rez.<\/p>\n<p style=\"text-align: justify\">Luis Vel\u00e1squez, quien tambi\u00e9n forma parte de ORCAWETA, admiti\u00f3 que no existe una posici\u00f3n un\u00e1nime sobre Carrizal.<\/p>\n<p style=\"text-align: justify\">\u201cLa mayor parte est\u00e1 de acuerdo, pero tiene que haber un di\u00e1logo\u201d, dijo, al asegurar que una \u201cminor\u00eda\u201d est\u00e1 rechazando el proyecto porque lo est\u00e1 politizando.<\/p>\n<p style=\"text-align: justify\">\u201cCuando hay divisionismo es as\u00ed\u201d, dijo Vel\u00e1squez al indicar que apoya la ejecuci\u00f3n de obra. Sin embargo, admiti\u00f3 que conoce pocos detalles de la misma, pues solo estuvo en una reuni\u00f3n de socializaci\u00f3n.<\/p>\n<p style=\"text-align: justify\">\u201cPor eso quiero empaparme m\u00e1s del tema, para con fundamentos poder explicar a las bases y as\u00ed saber mejor a d\u00f3nde apuntamos\u201d.<\/p>\n<p style=\"text-align: justify\">Desde otros puntos hay presi\u00f3n por el proyecto. Tanto c\u00edvicos como parlamentarios de Tarija y Chuquisaca se han dado a la tarea de explicar los supuestos beneficios de la obra, y han solicitado al Ministerio de Hidrocarburos y Energ\u00edas trabajar en la actualizaci\u00f3n, tanto del costo como del impacto ambiental.<\/p>\n<p style=\"text-align: justify\">Pizarro: El proyecto carece de solvencia documental<br \/>\nLa bi\u00f3loga Ludmila Pizarro asegura que no hay la suficiente solvencia documental que demuestre que el Proyecto Hidroel\u00e9ctrico Carrizal es viable.<\/p>\n<p style=\"text-align: justify\">Cuestiona la falta de informaci\u00f3n sobre el verdadero impacto ambiental que implica ejecutarlo.<\/p>\n<p style=\"text-align: justify\">\u201cSi bien el proyecto no est\u00e1 emplazado en la misma corriente principal del r\u00edo Pilcomayo, s\u00ed est\u00e1 emplazado en uno de los mayores afluentes que tiene, que es el r\u00edo Pilaya y el Cambalaya, que es una de las zonas m\u00e1s importantes que tiene el Pilcomayo\u201d, asegur\u00f3.<\/p>\n<p style=\"text-align: justify\">Pizarro explic\u00f3 que hay registros de que esa zona es de desove o reproducci\u00f3n de los peces, debido a que no hay actividad humana. \u201cLos peces migran para desovar en esta \u00e9poca. Sin embargo, el proyecto emplazar\u00eda kil\u00f3metros de envergadura, lo que implica desplazar a muchas comunidades ribere\u00f1as, adem\u00e1s de vida silvestre\u201d, advirti\u00f3 Pizarro.<\/p>\n<p style=\"text-align: justify\">La bi\u00f3loga de Villa Montes asegura que Carrizal no ha sido consensuado y que existe un proyecto de ley que ya fue aprobado por la C\u00e1mara de Diputados para que d\u00e9 curso al mismo. Falta el visto bueno de la C\u00e1mara de Senadores.<\/p>\n<p style=\"text-align: justify\">\u201cEs un proyecto que no ha sido consensuado en la cuenca baja y la afectaci\u00f3n, seg\u00fan informaci\u00f3n que generaron 20 cient\u00edficos de renombrada trayectoria, es que el impacto ambiental afectar\u00e1 medios de vida, porque provocar\u00e1 una baja en el caudal del r\u00edo Pilcomayo\u201d, alert\u00f3.<\/p>\n<p style=\"text-align: justify\">Pizarro espera que las autoridades y dirigentes de Villa Montes se involucren en este tema, y no queden ajenos a la decisi\u00f3n que un grupo pretende tomar sin las consultas previas a quienes tienen en el r\u00edo Pilcomayo su sustento de vida.<\/p>\n","protected":false},"excerpt":{"rendered":"<p>El Proyecto Hidroel\u00e9ctrico Carrizal ha generado expectativa entre autoridades y la dirigencia c\u00edvica del departamento de Tarija, sobre todo de la Regi\u00f3n Aut\u00f3noma del Chaco. Pero tambi\u00e9n desconfianza y preocupaci\u00f3n entre ambientalistas y habitantes de comunidades que est\u00e1n en las riberas del r\u00edo Pilcomayo, por el impacto que se advierte para este afluente. Entre los [&hellip;]<\/p>\n","protected":false},"author":1,"featured_media":86445,"comment_status":"closed","ping_status":"open","sticky":false,"template":"","format":"standard","meta":{"footnotes":""},"categories":[39,44,48],"tags":[],"class_list":{"0":"post-86444","1":"post","2":"type-post","3":"status-publish","4":"format-standard","5":"has-post-thumbnail","7":"category-energia","8":"category-portada-energia","9":"category-portada-general-sitio"},"_links":{"self":[{"href":"https:\/\/jms.com.bo\/mediamonitor\/wp-json\/wp\/v2\/posts\/86444","targetHints":{"allow":["GET"]}}],"collection":[{"href":"https:\/\/jms.com.bo\/mediamonitor\/wp-json\/wp\/v2\/posts"}],"about":[{"href":"https:\/\/jms.com.bo\/mediamonitor\/wp-json\/wp\/v2\/types\/post"}],"author":[{"embeddable":true,"href":"https:\/\/jms.com.bo\/mediamonitor\/wp-json\/wp\/v2\/users\/1"}],"replies":[{"embeddable":true,"href":"https:\/\/jms.com.bo\/mediamonitor\/wp-json\/wp\/v2\/comments?post=86444"}],"version-history":[{"count":0,"href":"https:\/\/jms.com.bo\/mediamonitor\/wp-json\/wp\/v2\/posts\/86444\/revisions"}],"wp:featuredmedia":[{"embeddable":true,"href":"https:\/\/jms.com.bo\/mediamonitor\/wp-json\/wp\/v2\/media\/86445"}],"wp:attachment":[{"href":"https:\/\/jms.com.bo\/mediamonitor\/wp-json\/wp\/v2\/media?parent=86444"}],"wp:term":[{"taxonomy":"category","embeddable":true,"href":"https:\/\/jms.com.bo\/mediamonitor\/wp-json\/wp\/v2\/categories?post=86444"},{"taxonomy":"post_tag","embeddable":true,"href":"https:\/\/jms.com.bo\/mediamonitor\/wp-json\/wp\/v2\/tags?post=86444"}],"curies":[{"name":"wp","href":"https:\/\/api.w.org\/{rel}","templated":true}]}}