{"id":86448,"date":"2026-04-27T06:46:34","date_gmt":"2026-04-27T10:46:34","guid":{"rendered":"https:\/\/mediamonitorbo.com.bo\/?p=21193"},"modified":"2026-04-27T06:46:34","modified_gmt":"2026-04-27T10:46:34","slug":"bolivia-se-encuentra-a-puertas-de-una-crisis-energetica-por-la-falta-de-inversion-segun-daroca","status":"publish","type":"post","link":"https:\/\/jms.com.bo\/mediamonitor\/2026\/04\/27\/bolivia-se-encuentra-a-puertas-de-una-crisis-energetica-por-la-falta-de-inversion-segun-daroca\/","title":{"rendered":"Bolivia se encuentra a \u201cpuertas de una crisis energ\u00e9tica\u201d por la falta de inversi\u00f3n, seg\u00fan Daroca"},"content":{"rendered":"<p style=\"text-align: justify\">Debido a la falta de inversiones en los \u00faltimos a\u00f1os, el pa\u00eds se encuentra en puertas de una crisis energ\u00e9tica m\u00e1s grave, advirti\u00f3 ayer Sebasti\u00e1n Daroca, quien el jueves fue posesionado como presidente de YPFB.<\/p>\n<p style=\"text-align: justify\">\u201cTenemos evidentemente una situaci\u00f3n como pa\u00eds en la cual nos han dejado un riesgo operativo, un riesgo energ\u00e9tico. Estamos a puertas de tener una crisis energ\u00e9tica mucho mayor\u201d, alert\u00f3 Daroca, al responsabilizar de esta situaci\u00f3n al modelo econ\u00f3mico implementado por los gobiernos del MAS, que provocaron una ca\u00edda sistem\u00e1tica de las reservas, lo que a su vez ocasion\u00f3 la merma de la producci\u00f3n de gas natural y l\u00edquidos.<\/p>\n<p style=\"text-align: justify\">Admiti\u00f3 adem\u00e1s que en unos cuatro o cinco a\u00f1os, el pa\u00eds deber\u00e1 importar gas natural debido a que las reservas y la producci\u00f3n seguir\u00e1n cayendo.<\/p>\n<p style=\"text-align: justify\">Enfatiz\u00f3 que es urgente revertir el declive para que a mediano plazo se recupere la producci\u00f3n y las exportaciones.<\/p>\n<p style=\"text-align: justify\">\u201cPara eso YPFB tiene que estar reestructurada y preparada para ese proceso. Eso significa tomar una serie de medidas que van a tomar un tiempo\u00bb, explic\u00f3 Daroca.<\/p>\n<p style=\"text-align: justify\">Daroca espera disminuci\u00f3n gradual de las filas<\/p>\n<p style=\"text-align: justify\">El nuevo presidente de YPFB anunci\u00f3 la llegada de dos buques con 100 millones de litros de di\u00e9sel. Con este cargamento espera que en el inicio de la pr\u00f3xima semana las filas en los surtidores empiecen a bajar gradualmente. Consider\u00f3 que el aumento considerable de la demanda se debe a las condiciones clim\u00e1ticas favorables para el agro.<\/p>\n<p style=\"text-align: justify\">Seg\u00fan el ejecutivo, actualmente se est\u00e1 despachando entre un 120 y 140 % de vol\u00famenes en comparaci\u00f3n a la demanda habitual. Las filas por di\u00e9sel comenzaron el viernes 17 de abril en Santa Cruz y el problema se extendi\u00f3 a otras ciudades como Cochabamba y La Paz. Ayer persist\u00edan largas colas en las estaciones de servicio de la capital cruce\u00f1a. \u201cEstamos seguros de que a principios de la pr\u00f3xima semana ya las filas van a bajar significativamente\u00bb, augur\u00f3 Daroca.<\/p>\n","protected":false},"excerpt":{"rendered":"<p>Debido a la falta de inversiones en los \u00faltimos a\u00f1os, el pa\u00eds se encuentra en puertas de una crisis energ\u00e9tica m\u00e1s grave, advirti\u00f3 ayer Sebasti\u00e1n Daroca, quien el jueves fue posesionado como presidente de YPFB. \u201cTenemos evidentemente una situaci\u00f3n como pa\u00eds en la cual nos han dejado un riesgo operativo, un riesgo energ\u00e9tico. Estamos a [&hellip;]<\/p>\n","protected":false},"author":1,"featured_media":86449,"comment_status":"closed","ping_status":"open","sticky":false,"template":"","format":"standard","meta":{"footnotes":""},"categories":[40,23],"tags":[],"class_list":{"0":"post-86448","1":"post","2":"type-post","3":"status-publish","4":"format-standard","5":"has-post-thumbnail","7":"category-bolivia","8":"category-hidrocarburos"},"_links":{"self":[{"href":"https:\/\/jms.com.bo\/mediamonitor\/wp-json\/wp\/v2\/posts\/86448","targetHints":{"allow":["GET"]}}],"collection":[{"href":"https:\/\/jms.com.bo\/mediamonitor\/wp-json\/wp\/v2\/posts"}],"about":[{"href":"https:\/\/jms.com.bo\/mediamonitor\/wp-json\/wp\/v2\/types\/post"}],"author":[{"embeddable":true,"href":"https:\/\/jms.com.bo\/mediamonitor\/wp-json\/wp\/v2\/users\/1"}],"replies":[{"embeddable":true,"href":"https:\/\/jms.com.bo\/mediamonitor\/wp-json\/wp\/v2\/comments?post=86448"}],"version-history":[{"count":0,"href":"https:\/\/jms.com.bo\/mediamonitor\/wp-json\/wp\/v2\/posts\/86448\/revisions"}],"wp:featuredmedia":[{"embeddable":true,"href":"https:\/\/jms.com.bo\/mediamonitor\/wp-json\/wp\/v2\/media\/86449"}],"wp:attachment":[{"href":"https:\/\/jms.com.bo\/mediamonitor\/wp-json\/wp\/v2\/media?parent=86448"}],"wp:term":[{"taxonomy":"category","embeddable":true,"href":"https:\/\/jms.com.bo\/mediamonitor\/wp-json\/wp\/v2\/categories?post=86448"},{"taxonomy":"post_tag","embeddable":true,"href":"https:\/\/jms.com.bo\/mediamonitor\/wp-json\/wp\/v2\/tags?post=86448"}],"curies":[{"name":"wp","href":"https:\/\/api.w.org\/{rel}","templated":true}]}}