{"id":86452,"date":"2026-04-27T06:49:21","date_gmt":"2026-04-27T10:49:21","guid":{"rendered":"https:\/\/mediamonitorbo.com.bo\/?p=21199"},"modified":"2026-04-27T06:49:21","modified_gmt":"2026-04-27T10:49:21","slug":"caneros-denuncian-incumplimiento-en-compra-de-etanol-y-advierten-con-medidas-de-presion","status":"publish","type":"post","link":"https:\/\/jms.com.bo\/mediamonitor\/2026\/04\/27\/caneros-denuncian-incumplimiento-en-compra-de-etanol-y-advierten-con-medidas-de-presion\/","title":{"rendered":"Ca\u00f1eros denuncian incumplimiento en compra de etanol y advierten con medidas de presi\u00f3n"},"content":{"rendered":"<p style=\"text-align: justify\">El sector ca\u00f1ero volvi\u00f3 a encender alertas por la falta de cumplimiento en la compra de etanol por parte del Gobierno. El presidente de la Comisi\u00f3n Nacional de Productores Ca\u00f1eros de Bolivia (Concabol), Alcides C\u00f3rdova, denunci\u00f3 que no se est\u00e1n respetando los vol\u00famenes comprometidos, lo que est\u00e1 generando un cuello de botella en la producci\u00f3n y una creciente incertidumbre en el sector.<\/p>\n<p style=\"text-align: justify\">Seg\u00fan el dirigente, el problema radica en que el etanol ya producido no est\u00e1 siendo retirado, lo que ha saturado la capacidad de almacenamiento de los ingenios. \u201cEn estos d\u00edas se tendr\u00eda que haber ido retirando el etanol que ya est\u00e1 producido. No lo han venido a retirar. Entonces, \u00bfc\u00f3mo podemos iniciar zafra si los ingenios est\u00e1n repletos de alcohol en los tanques?\u201d, cuestion\u00f3 en entrevista con la Red ERBOL.<\/p>\n<p style=\"text-align: justify\">C\u00f3rdova advirti\u00f3 que esta situaci\u00f3n env\u00eda se\u00f1ales negativas sobre la continuidad del programa de etanol, considerado clave para la diversificaci\u00f3n energ\u00e9tica y el impulso a la agroindustria ca\u00f1era.<\/p>\n<p style=\"text-align: justify\">Ante este escenario, el sector inform\u00f3 que ya envi\u00f3 una solicitud formal para reunirse con el nuevo ministro de Hidrocarburos, en busca de una respuesta que destrabe el conflicto. Sin embargo, el dirigente lament\u00f3 que anteriores gestiones no hayan tenido resultados, pese al env\u00edo de \u201cnotas reiteradas\u201d.<\/p>\n<p style=\"text-align: justify\">La preocupaci\u00f3n crece a medida que se acerca el inicio de la zafra, ya que los productores no tienen claridad sobre si podr\u00e1n comercializar su producci\u00f3n. \u201cEl futuro del sector est\u00e1 en manos de autoridades que no nos est\u00e1n escuchando\u201d, afirm\u00f3 C\u00f3rdova.<\/p>\n<p style=\"text-align: justify\">En caso de no obtener una respuesta favorable, los ca\u00f1eros no descartan radicalizar sus acciones. El dirigente anunci\u00f3 que se convocar\u00e1 a una asamblea nacional para definir posibles medidas de presi\u00f3n. \u201cNo somos un sector acostumbrado al conflicto, pero si nos obligan, vamos a tener que hacernos escuchar en las calles\u201d, advirti\u00f3.<\/p>\n","protected":false},"excerpt":{"rendered":"<p>El sector ca\u00f1ero volvi\u00f3 a encender alertas por la falta de cumplimiento en la compra de etanol por parte del Gobierno. El presidente de la Comisi\u00f3n Nacional de Productores Ca\u00f1eros de Bolivia (Concabol), Alcides C\u00f3rdova, denunci\u00f3 que no se est\u00e1n respetando los vol\u00famenes comprometidos, lo que est\u00e1 generando un cuello de botella en la producci\u00f3n [&hellip;]<\/p>\n","protected":false},"author":1,"featured_media":86453,"comment_status":"closed","ping_status":"open","sticky":false,"template":"","format":"standard","meta":{"footnotes":""},"categories":[40,23,48,43],"tags":[],"class_list":{"0":"post-86452","1":"post","2":"type-post","3":"status-publish","4":"format-standard","5":"has-post-thumbnail","7":"category-bolivia","8":"category-hidrocarburos","9":"category-portada-general-sitio","10":"category-portada-oil-gas"},"_links":{"self":[{"href":"https:\/\/jms.com.bo\/mediamonitor\/wp-json\/wp\/v2\/posts\/86452","targetHints":{"allow":["GET"]}}],"collection":[{"href":"https:\/\/jms.com.bo\/mediamonitor\/wp-json\/wp\/v2\/posts"}],"about":[{"href":"https:\/\/jms.com.bo\/mediamonitor\/wp-json\/wp\/v2\/types\/post"}],"author":[{"embeddable":true,"href":"https:\/\/jms.com.bo\/mediamonitor\/wp-json\/wp\/v2\/users\/1"}],"replies":[{"embeddable":true,"href":"https:\/\/jms.com.bo\/mediamonitor\/wp-json\/wp\/v2\/comments?post=86452"}],"version-history":[{"count":0,"href":"https:\/\/jms.com.bo\/mediamonitor\/wp-json\/wp\/v2\/posts\/86452\/revisions"}],"wp:featuredmedia":[{"embeddable":true,"href":"https:\/\/jms.com.bo\/mediamonitor\/wp-json\/wp\/v2\/media\/86453"}],"wp:attachment":[{"href":"https:\/\/jms.com.bo\/mediamonitor\/wp-json\/wp\/v2\/media?parent=86452"}],"wp:term":[{"taxonomy":"category","embeddable":true,"href":"https:\/\/jms.com.bo\/mediamonitor\/wp-json\/wp\/v2\/categories?post=86452"},{"taxonomy":"post_tag","embeddable":true,"href":"https:\/\/jms.com.bo\/mediamonitor\/wp-json\/wp\/v2\/tags?post=86452"}],"curies":[{"name":"wp","href":"https:\/\/api.w.org\/{rel}","templated":true}]}}