{"id":86454,"date":"2026-04-28T06:40:43","date_gmt":"2026-04-28T10:40:43","guid":{"rendered":"https:\/\/mediamonitorbo.com.bo\/?p=21205"},"modified":"2026-04-28T06:40:43","modified_gmt":"2026-04-28T10:40:43","slug":"tengan-un-poquito-de-conciencia-el-clamor-de-los-pacientes-en-el-hospital-san-juan-de-dios","status":"publish","type":"post","link":"https:\/\/jms.com.bo\/mediamonitor\/2026\/04\/28\/tengan-un-poquito-de-conciencia-el-clamor-de-los-pacientes-en-el-hospital-san-juan-de-dios\/","title":{"rendered":"\u00abTengan un poquito de conciencia\u00bb, el clamor de los pacientes en el Hospital San Juan de Dios"},"content":{"rendered":"<p style=\"text-align: justify\">La molestia de los pacientes que aguardan por atenci\u00f3n m\u00e9dica en el San Juan de Dios es manifiesta. Una visita de EL DEBER a la sala de espera del nosocomio cruce\u00f1o es m\u00e1s que suficiente para ver el malestar de las personas que aguarda turno. Los trabajadores de salud cumplen el primero de sus cinco d\u00edas de paro en demanda por la falta de sueldo. Pero, m\u00e1s all\u00e1 del reclamo, los perjudicados con los pacientes.<\/p>\n<p style=\"text-align: justify\">\u00abPor favor, tengan un poquito de conciencia\u00bb, clam\u00f3 una se\u00f1ora que llevaba toda la tarde en espera de atenci\u00f3n y ve\u00eda a otras personas en similar situaci\u00f3n. Adem\u00e1s pidi\u00f3 a los m\u00e9dicos que \u00abquieran recibir a los pacientes\u00bb para aliviar el dolor que padecen.<\/p>\n<p style=\"text-align: justify\">A modo de cr\u00edtica les record\u00f3 que \u00abellos, cuando se reciben, es para salvar vidas; no para que la gente se muera en frente de ellos sin hacer nada\u00bb. Tambi\u00e9n observ\u00f3 las deficiencias en las que trabajan. \u00abNo tenemos la culpa de que no haya camas, es el Gobierno (el culpable)\u00bb, sentenci\u00f3.<\/p>\n<p style=\"text-align: justify\">Este lunes se cumple el primer d\u00eda de un paro de 120 horas que dejar\u00e1 sin atenci\u00f3n m\u00e9dica ambulatoria roda la semana. Los trabajadores de salud reclaman tres meses de pago adeudado, a lo que se suma el pago de subsidios y seguro m\u00e9dico.<\/p>\n<p style=\"text-align: justify\">Colegio m\u00e9dico critica p\u00e9sima gesti\u00f3n<br \/>\nHumberto Vargas, presidente del Colegio M\u00e9dico de Santa Cruz, convers\u00f3 con EL DEBER sobre la medida asumida por el sector salud y que afecta de modo directo a miles de pacientes.<\/p>\n<p style=\"text-align: justify\">\u00abEs lamentable a lo que nos ha llevado una p\u00e9sima gesti\u00f3n municipal por parte del se\u00f1or Johnny Fern\u00e1ndez. Durante estos a\u00f1os ha abandonado la salud y entendemos que no fue capaz de terminar una gesti\u00f3n de la mejor manera (&#8230;). Hemos tenido que llegar a esta situaci\u00f3n despu\u00e9s de estar aguantando tantas mentiras por parte de las diferentes secretar\u00edas de la Alcald\u00eda y el mismo alcalde que cada d\u00eda dice que va a pagar, que va a pagar, pero sin embargo todo una mentira\u00bb. critic\u00f3 Vargas.<\/p>\n<p style=\"text-align: justify\">El paro abarca tanto a los profesionales como a los trabajadores de salud. \u00abCreo que el alcalde tiene que darse cuenta c\u00f3mo est\u00e1 dejando la salud despu\u00e9s de esta falta de atenci\u00f3n y de esta p\u00e9sima gesti\u00f3n administrativa, una p\u00e9sima gesti\u00f3n totalmente improvisada. No hemos visto mejora durante estos cinco a\u00f1os y la peor manera de terminar esta gesti\u00f3n es con tres meses de falta de sueldo a los profesionales\u00bb, cuestionan desde el Colegio M\u00e9dico.<\/p>\n<p style=\"text-align: justify\">Respecto a los cuestionamientos de los pacientes por la falta de atenci\u00f3n, Vargas prefiere evadir la respuesta. \u00abAqu\u00ed hay un solo culpable y es el alcalde municipal. Los m\u00e9dicos hemos desarrollado un plan de contingencia reforzando las emergencias, realizando las cirug\u00edas programadas que se est\u00e1n haciendo y (se est\u00e1n) reprogramando las consultas externas para la pr\u00f3xima semana as\u00ed los pacientes puedan ser atendidos\u00bb, detall\u00f3 el galeno.<\/p>\n<p style=\"text-align: justify\">Por el momento, seg\u00fan explic\u00f3 Vargas, no hay una v\u00eda de soluci\u00f3n abierta para poner fin al paro m\u00e9dico.<\/p>\n","protected":false},"excerpt":{"rendered":"<p>La molestia de los pacientes que aguardan por atenci\u00f3n m\u00e9dica en el San Juan de Dios es manifiesta. Una visita de EL DEBER a la sala de espera del nosocomio cruce\u00f1o es m\u00e1s que suficiente para ver el malestar de las personas que aguarda turno. Los trabajadores de salud cumplen el primero de sus cinco [&hellip;]<\/p>\n","protected":false},"author":1,"featured_media":86455,"comment_status":"closed","ping_status":"open","sticky":false,"template":"","format":"standard","meta":{"footnotes":""},"categories":[53],"tags":[],"class_list":{"0":"post-86454","1":"post","2":"type-post","3":"status-publish","4":"format-standard","5":"has-post-thumbnail","7":"category-salud"},"_links":{"self":[{"href":"https:\/\/jms.com.bo\/mediamonitor\/wp-json\/wp\/v2\/posts\/86454","targetHints":{"allow":["GET"]}}],"collection":[{"href":"https:\/\/jms.com.bo\/mediamonitor\/wp-json\/wp\/v2\/posts"}],"about":[{"href":"https:\/\/jms.com.bo\/mediamonitor\/wp-json\/wp\/v2\/types\/post"}],"author":[{"embeddable":true,"href":"https:\/\/jms.com.bo\/mediamonitor\/wp-json\/wp\/v2\/users\/1"}],"replies":[{"embeddable":true,"href":"https:\/\/jms.com.bo\/mediamonitor\/wp-json\/wp\/v2\/comments?post=86454"}],"version-history":[{"count":0,"href":"https:\/\/jms.com.bo\/mediamonitor\/wp-json\/wp\/v2\/posts\/86454\/revisions"}],"wp:featuredmedia":[{"embeddable":true,"href":"https:\/\/jms.com.bo\/mediamonitor\/wp-json\/wp\/v2\/media\/86455"}],"wp:attachment":[{"href":"https:\/\/jms.com.bo\/mediamonitor\/wp-json\/wp\/v2\/media?parent=86454"}],"wp:term":[{"taxonomy":"category","embeddable":true,"href":"https:\/\/jms.com.bo\/mediamonitor\/wp-json\/wp\/v2\/categories?post=86454"},{"taxonomy":"post_tag","embeddable":true,"href":"https:\/\/jms.com.bo\/mediamonitor\/wp-json\/wp\/v2\/tags?post=86454"}],"curies":[{"name":"wp","href":"https:\/\/api.w.org\/{rel}","templated":true}]}}