{"id":86460,"date":"2026-04-28T07:04:34","date_gmt":"2026-04-28T11:04:34","guid":{"rendered":"https:\/\/mediamonitorbo.com.bo\/?p=21214"},"modified":"2026-04-28T07:04:34","modified_gmt":"2026-04-28T11:04:34","slug":"estado-y-productores-de-quinua-articulan-acciones-para-exportacion","status":"publish","type":"post","link":"https:\/\/jms.com.bo\/mediamonitor\/2026\/04\/28\/estado-y-productores-de-quinua-articulan-acciones-para-exportacion\/","title":{"rendered":"Estado y productores de quinua articulan acciones para exportaci\u00f3n"},"content":{"rendered":"<p style=\"text-align: justify\">El Gobierno, a trav\u00e9s del viceministerio de Desarrollo Agropecuario y Desarrollo Integral apunta a articular acciones junto a los productores de quinua para fortalecer la producci\u00f3n del alimento con una mayor visi\u00f3n de exportaci\u00f3n.<\/p>\n<p style=\"text-align: justify\">En representaci\u00f3n del Ministerio de Desarrollo Productivo y Econom\u00eda Plural, el viceministro Karel Rivero, particip\u00f3 en el Encuentro Multisectorial \u201cHacia la producci\u00f3n y comercializaci\u00f3n sostenible de la Quinua y de la Quinua Real del Altiplano Sur de Bolivia\u201d, que se realiz\u00f3 el 23 de abril en la ciudad de La Paz.<\/p>\n<p style=\"text-align: justify\">El evento tuvo como objetivo principal fortalecer la cadena productiva de la quinua mediante la articulaci\u00f3n de estrategias ambientales y econ\u00f3micas. Con la orientaci\u00f3n de consolidar la seguridad y soberan\u00eda alimentaria del pa\u00eds, adem\u00e1s de mejorar su posicionamiento en los mercados nacional e internacional.<\/p>\n<p style=\"text-align: justify\">Durante el encuentro se analizaron acciones para promover una producci\u00f3n sostenible, con enfoque en la competitividad del sector y el desarrollo integral de los productores del Altiplano Sur.<\/p>\n<p style=\"text-align: justify\">Quinua<br \/>\nLa reuni\u00f3n cont\u00f3 con la participaci\u00f3n del Consejo Nacional de Productores de Quinua de Bolivia (Conapquibol), el Consejo Regulador de la Denominaci\u00f3n de Origen de la Quinua Real del Altiplano Sur. As\u00ed como la Empresa de Iniciativas Sustentables Bolivia, adem\u00e1s de otros actores estrat\u00e9gicos de la cadena productiva.<\/p>\n<p style=\"text-align: justify\">Las instituciones que participantes destacaron la importancia de fortalecer la coordinaci\u00f3n entre productores, entidades p\u00fablicas y organizaciones vinculadas al sector. Todo con el fin de mejorar la calidad, sostenibilidad y comercializaci\u00f3n del grano andino.<\/p>\n<p style=\"text-align: justify\">El encuentro forma parte de las acciones orientadas a impulsar el desarrollo productivo de la quinua. Se trata de uno de los principales alimentos y productos de exportaci\u00f3n del pa\u00eds.<\/p>\n<p style=\"text-align: justify\">La quinua real del Altiplano Sur es reconocida a nivel mundial por sus cualidades nutricionales \u00fanicas, asociadas a las condiciones geogr\u00e1ficas de los salares bolivianos. En 2024, las exportaciones del sector superaron los 88 millones de d\u00f3lares, con una alta demanda en mercados como Estados Unidos, Alemania y China. Lo que consolid\u00f3 al grano como uno de los principales superalimentos de exportaci\u00f3n del pa\u00eds.<\/p>\n","protected":false},"excerpt":{"rendered":"<p>El Gobierno, a trav\u00e9s del viceministerio de Desarrollo Agropecuario y Desarrollo Integral apunta a articular acciones junto a los productores de quinua para fortalecer la producci\u00f3n del alimento con una mayor visi\u00f3n de exportaci\u00f3n. En representaci\u00f3n del Ministerio de Desarrollo Productivo y Econom\u00eda Plural, el viceministro Karel Rivero, particip\u00f3 en el Encuentro Multisectorial \u201cHacia la [&hellip;]<\/p>\n","protected":false},"author":1,"featured_media":86461,"comment_status":"closed","ping_status":"open","sticky":false,"template":"","format":"standard","meta":{"footnotes":""},"categories":[57],"tags":[],"class_list":{"0":"post-86460","1":"post","2":"type-post","3":"status-publish","4":"format-standard","5":"has-post-thumbnail","7":"category-alimentos-y-agroindustria"},"_links":{"self":[{"href":"https:\/\/jms.com.bo\/mediamonitor\/wp-json\/wp\/v2\/posts\/86460","targetHints":{"allow":["GET"]}}],"collection":[{"href":"https:\/\/jms.com.bo\/mediamonitor\/wp-json\/wp\/v2\/posts"}],"about":[{"href":"https:\/\/jms.com.bo\/mediamonitor\/wp-json\/wp\/v2\/types\/post"}],"author":[{"embeddable":true,"href":"https:\/\/jms.com.bo\/mediamonitor\/wp-json\/wp\/v2\/users\/1"}],"replies":[{"embeddable":true,"href":"https:\/\/jms.com.bo\/mediamonitor\/wp-json\/wp\/v2\/comments?post=86460"}],"version-history":[{"count":0,"href":"https:\/\/jms.com.bo\/mediamonitor\/wp-json\/wp\/v2\/posts\/86460\/revisions"}],"wp:featuredmedia":[{"embeddable":true,"href":"https:\/\/jms.com.bo\/mediamonitor\/wp-json\/wp\/v2\/media\/86461"}],"wp:attachment":[{"href":"https:\/\/jms.com.bo\/mediamonitor\/wp-json\/wp\/v2\/media?parent=86460"}],"wp:term":[{"taxonomy":"category","embeddable":true,"href":"https:\/\/jms.com.bo\/mediamonitor\/wp-json\/wp\/v2\/categories?post=86460"},{"taxonomy":"post_tag","embeddable":true,"href":"https:\/\/jms.com.bo\/mediamonitor\/wp-json\/wp\/v2\/tags?post=86460"}],"curies":[{"name":"wp","href":"https:\/\/api.w.org\/{rel}","templated":true}]}}