{"id":86462,"date":"2026-04-28T07:05:45","date_gmt":"2026-04-28T11:05:45","guid":{"rendered":"https:\/\/mediamonitorbo.com.bo\/?p=21217"},"modified":"2026-04-28T07:05:45","modified_gmt":"2026-04-28T11:05:45","slug":"huelga-de-hambre-en-tarija-se-fortalece-y-no-descartan-bloqueos-por-ley-del-45","status":"publish","type":"post","link":"https:\/\/jms.com.bo\/mediamonitor\/2026\/04\/28\/huelga-de-hambre-en-tarija-se-fortalece-y-no-descartan-bloqueos-por-ley-del-45\/","title":{"rendered":"Huelga de hambre en Tarija se fortalece y no descartan bloqueos por ley del 45%"},"content":{"rendered":"<p style=\"text-align: justify\">Instituciones de las provincias Arce y O\u2019Connor mantienen una huelga de hambre en la ciudad de Tarija, exigiendo el tratamiento y promulgaci\u00f3n de la ley del 45% de regal\u00edas. La medida de presi\u00f3n ya cumple cinco d\u00edas y suma el respaldo de organizaciones campesinas de Bermejo, que se trasladaron hasta la capital para reforzar la protesta.<\/p>\n<p style=\"text-align: justify\">Irma M\u00e9ndez, secretaria general de la Federaci\u00f3n Sindical \u00danica de Trabajadores Campesinos de Bermejo, inform\u00f3 que la decisi\u00f3n de sumarse a la movilizaci\u00f3n fue asumida en una asamblea general. Se\u00f1al\u00f3 que diversas comunidades e instituciones se encuentran presentes a la espera de una audiencia que permita avanzar en el tratamiento de la norma.<\/p>\n<p style=\"text-align: justify\">\u201cEstamos aqu\u00ed apoyando a nuestros compa\u00f1eros que est\u00e1n en huelga de hambre. Esperamos que se nos convoque para tratar la ley del 45%\u201d, manifest\u00f3.<\/p>\n<p style=\"text-align: justify\">La dirigente advirti\u00f3 que, en caso de no existir respuesta por parte de la Asamblea Legislativa Departamental, el sector analizar\u00e1 nuevas medidas de presi\u00f3n. Entre ellas, no se descartan marchas, paros y bloqueos en las pr\u00f3ximas horas.<\/p>\n<p style=\"text-align: justify\">Por su parte, representantes de los huelguistas se\u00f1alaron que la medida fue asumida ante la falta de convocatoria a sesi\u00f3n por parte del presidente de la Asamblea, Dami\u00e1n Castillo. Indicaron que, pese a algunos acercamientos con asamble\u00edstas, el tratamiento del tema contin\u00faa dilat\u00e1ndose.<\/p>\n<p style=\"text-align: justify\">\u201cEstamos en el quinto d\u00eda de huelga de hambre. Nos sentimos preocupados e impotentes por la falta de una respuesta clara. Este es un compromiso con el pueblo, no solo con los dirigentes\u201d, expresaron.<\/p>\n<p style=\"text-align: justify\">Actualmente, nueve personas permanecen en la huelga, entre asamble\u00edstas, dirigentes c\u00edvicos y campesinos. En el exterior del ente legislativo tambi\u00e9n se instal\u00f3 una vigilia con la presencia de delegaciones de distintas comunidades.<\/p>\n<p style=\"text-align: justify\">Los movilizados reiteraron que su demanda responde a una reivindicaci\u00f3n hist\u00f3rica sobre la distribuci\u00f3n de regal\u00edas, y anunciaron que las pr\u00f3ximas acciones depender\u00e1n de si la Asamblea agenda o no el tratamiento de la normativa.<\/p>\n","protected":false},"excerpt":{"rendered":"<p>Instituciones de las provincias Arce y O\u2019Connor mantienen una huelga de hambre en la ciudad de Tarija, exigiendo el tratamiento y promulgaci\u00f3n de la ley del 45% de regal\u00edas. La medida de presi\u00f3n ya cumple cinco d\u00edas y suma el respaldo de organizaciones campesinas de Bermejo, que se trasladaron hasta la capital para reforzar la [&hellip;]<\/p>\n","protected":false},"author":1,"featured_media":86463,"comment_status":"closed","ping_status":"open","sticky":false,"template":"","format":"standard","meta":{"footnotes":""},"categories":[49],"tags":[],"class_list":{"0":"post-86462","1":"post","2":"type-post","3":"status-publish","4":"format-standard","5":"has-post-thumbnail","7":"category-social"},"_links":{"self":[{"href":"https:\/\/jms.com.bo\/mediamonitor\/wp-json\/wp\/v2\/posts\/86462","targetHints":{"allow":["GET"]}}],"collection":[{"href":"https:\/\/jms.com.bo\/mediamonitor\/wp-json\/wp\/v2\/posts"}],"about":[{"href":"https:\/\/jms.com.bo\/mediamonitor\/wp-json\/wp\/v2\/types\/post"}],"author":[{"embeddable":true,"href":"https:\/\/jms.com.bo\/mediamonitor\/wp-json\/wp\/v2\/users\/1"}],"replies":[{"embeddable":true,"href":"https:\/\/jms.com.bo\/mediamonitor\/wp-json\/wp\/v2\/comments?post=86462"}],"version-history":[{"count":0,"href":"https:\/\/jms.com.bo\/mediamonitor\/wp-json\/wp\/v2\/posts\/86462\/revisions"}],"wp:featuredmedia":[{"embeddable":true,"href":"https:\/\/jms.com.bo\/mediamonitor\/wp-json\/wp\/v2\/media\/86463"}],"wp:attachment":[{"href":"https:\/\/jms.com.bo\/mediamonitor\/wp-json\/wp\/v2\/media?parent=86462"}],"wp:term":[{"taxonomy":"category","embeddable":true,"href":"https:\/\/jms.com.bo\/mediamonitor\/wp-json\/wp\/v2\/categories?post=86462"},{"taxonomy":"post_tag","embeddable":true,"href":"https:\/\/jms.com.bo\/mediamonitor\/wp-json\/wp\/v2\/tags?post=86462"}],"curies":[{"name":"wp","href":"https:\/\/api.w.org\/{rel}","templated":true}]}}