{"id":86464,"date":"2026-04-28T07:08:16","date_gmt":"2026-04-28T11:08:16","guid":{"rendered":"https:\/\/mediamonitorbo.com.bo\/?p=21220"},"modified":"2026-04-28T07:08:16","modified_gmt":"2026-04-28T11:08:16","slug":"federacion-de-comunidades-campesinas-de-tarija-anuncia-movilizaciones-y-exige-abrogacion-de-la-ley-1720","status":"publish","type":"post","link":"https:\/\/jms.com.bo\/mediamonitor\/2026\/04\/28\/federacion-de-comunidades-campesinas-de-tarija-anuncia-movilizaciones-y-exige-abrogacion-de-la-ley-1720\/","title":{"rendered":"Federaci\u00f3n de Comunidades Campesinas de Tarija anuncia movilizaciones y exige abrogaci\u00f3n de la Ley 1720"},"content":{"rendered":"<p style=\"text-align: justify\">El presidente de la Federaci\u00f3n de Comunidades Campesinas de Tarija, Hervert Quispe, inform\u00f3 que de manera conjunta se est\u00e1 comunicando oficialmente la determinaci\u00f3n asumida el pasado viernes en la Federaci\u00f3n, en la que el sector defini\u00f3 retomar medidas de presi\u00f3n.<\/p>\n<p style=\"text-align: justify\">Quispe se\u00f1al\u00f3 que una vez m\u00e1s el sector campesino se ve en la necesidad de sacrificarse, salir a marchar, rechazar y exigir la abrogaci\u00f3n de la Ley 1720, argumentando que esta normativa perjudica de sobremanera y genera preocupaci\u00f3n en su sector. En ese sentido, remarc\u00f3 que las acciones buscan visibilizar su posici\u00f3n frente a esta situaci\u00f3n.<\/p>\n<p style=\"text-align: justify\">Asimismo, advirti\u00f3 que no permitir\u00e1n ning\u00fan tipo de normativa que afecte al sector campesino, haciendo referencia a propuestas que se estar\u00edan impulsando. \u201cNo vamos a permitir ning\u00fan tipo de normativa que perjudique al sector campesino\u201d, expres\u00f3, se\u00f1alando adem\u00e1s su rechazo a una posible ley de impuestos a los productos agropecuarios.<\/p>\n<p style=\"text-align: justify\">Finalmente, enfatiz\u00f3 que el sector mantiene una postura firme frente a estas iniciativas, reiterando que \u201cni eso ni lo otro\u201d ser\u00e1 aceptado por las comunidades campesinas.<\/p>\n","protected":false},"excerpt":{"rendered":"<p>El presidente de la Federaci\u00f3n de Comunidades Campesinas de Tarija, Hervert Quispe, inform\u00f3 que de manera conjunta se est\u00e1 comunicando oficialmente la determinaci\u00f3n asumida el pasado viernes en la Federaci\u00f3n, en la que el sector defini\u00f3 retomar medidas de presi\u00f3n. Quispe se\u00f1al\u00f3 que una vez m\u00e1s el sector campesino se ve en la necesidad de [&hellip;]<\/p>\n","protected":false},"author":1,"featured_media":86465,"comment_status":"closed","ping_status":"open","sticky":false,"template":"","format":"standard","meta":{"footnotes":""},"categories":[49],"tags":[],"class_list":{"0":"post-86464","1":"post","2":"type-post","3":"status-publish","4":"format-standard","5":"has-post-thumbnail","7":"category-social"},"_links":{"self":[{"href":"https:\/\/jms.com.bo\/mediamonitor\/wp-json\/wp\/v2\/posts\/86464","targetHints":{"allow":["GET"]}}],"collection":[{"href":"https:\/\/jms.com.bo\/mediamonitor\/wp-json\/wp\/v2\/posts"}],"about":[{"href":"https:\/\/jms.com.bo\/mediamonitor\/wp-json\/wp\/v2\/types\/post"}],"author":[{"embeddable":true,"href":"https:\/\/jms.com.bo\/mediamonitor\/wp-json\/wp\/v2\/users\/1"}],"replies":[{"embeddable":true,"href":"https:\/\/jms.com.bo\/mediamonitor\/wp-json\/wp\/v2\/comments?post=86464"}],"version-history":[{"count":0,"href":"https:\/\/jms.com.bo\/mediamonitor\/wp-json\/wp\/v2\/posts\/86464\/revisions"}],"wp:featuredmedia":[{"embeddable":true,"href":"https:\/\/jms.com.bo\/mediamonitor\/wp-json\/wp\/v2\/media\/86465"}],"wp:attachment":[{"href":"https:\/\/jms.com.bo\/mediamonitor\/wp-json\/wp\/v2\/media?parent=86464"}],"wp:term":[{"taxonomy":"category","embeddable":true,"href":"https:\/\/jms.com.bo\/mediamonitor\/wp-json\/wp\/v2\/categories?post=86464"},{"taxonomy":"post_tag","embeddable":true,"href":"https:\/\/jms.com.bo\/mediamonitor\/wp-json\/wp\/v2\/tags?post=86464"}],"curies":[{"name":"wp","href":"https:\/\/api.w.org\/{rel}","templated":true}]}}