{"id":86466,"date":"2026-04-28T07:11:46","date_gmt":"2026-04-28T11:11:46","guid":{"rendered":"https:\/\/mediamonitorbo.com.bo\/?p=21223"},"modified":"2026-04-28T07:11:46","modified_gmt":"2026-04-28T11:11:46","slug":"bolivia-enfrentara-una-semana-de-intensas-protestas-y-bloqueos-en-diversos-sectores","status":"publish","type":"post","link":"https:\/\/jms.com.bo\/mediamonitor\/2026\/04\/28\/bolivia-enfrentara-una-semana-de-intensas-protestas-y-bloqueos-en-diversos-sectores\/","title":{"rendered":"Bolivia enfrentar\u00e1 una semana de intensas protestas y bloqueos en diversos sectores"},"content":{"rendered":"<p style=\"text-align: justify\">El pa\u00eds vivir\u00e1 una semana de conflictos. Distintos sectores, entre transportistas, maestros, trabajadores en salud, m\u00e9dicos e interculturales, anunciaron protestas desde este lunes. Adem\u00e1s, para estos d\u00edas llegar\u00e1 la marcha ind\u00edgena que exige la abrogaci\u00f3n de la Ley 1720, que autoriza la conversi\u00f3n de la peque\u00f1a propiedad en mediana propiedad.<\/p>\n<p style=\"text-align: justify\">La C\u00e1mara Departamental de Transporte de La Paz (Cadetran) declar\u00f3 al sector en estado de emergencia y anunci\u00f3 el inicio de medidas de presi\u00f3n, que incluyen una marcha y bloqueos desde el lunes 27 de abril, ante la falta de respuesta de las autoridades a sus demandas. Entre sus principales preocupaciones se encuentra la escasez de combustible, cuya regularizaci\u00f3n exigen de manera inmediata al considerar que no existe justificaci\u00f3n para el desabastecimiento actual.<\/p>\n<p style=\"text-align: justify\">La Federaci\u00f3n de Sindicatos M\u00e9dicos y Ramas Afines de la Seguridad Social (FESIMRAS) anunci\u00f3 un paro nacional de 24 horas en la Caja Nacional de Salud (CNS) para el pr\u00f3ximo mi\u00e9rcoles 29 de abril, en protesta por las deficiencias en el sistema de atenci\u00f3n y la falta de insumos m\u00e9dicos.<\/p>\n<p style=\"text-align: justify\">El viernes, una marcha de 150 ind\u00edgenas parti\u00f3 desde San Ignacio de Moxos para sumarse a la protesta iniciada tras la promulgaci\u00f3n de la norma por el presidente Rodrigo Paz, debido a que, seg\u00fan los movilizados, pone en riesgo las peque\u00f1as propiedades campesinas.<\/p>\n<p style=\"text-align: justify\">A la medida de protesta se sumar\u00e1n la Central de Pueblos \u00c9tnicos Moje\u00f1os del Beni (CPEM-B), junto a sus subcentrales TIM, TIMI, Bella Selva y el GIA-TIM. Adem\u00e1s, la Federaci\u00f3n Sindical de Trabajadores Mineros de Bolivia, en coordinaci\u00f3n con la Central Obrera Boliviana, instruy\u00f3 a todos los sindicatos afiliados designar representantes para \u201csumarse activamente a la marcha ind\u00edgena, de acuerdo con la proporcionalidad de cada sindicato, a partir del d\u00eda lunes 27 de abril de 2026 a las 08:00 a. m. (dar alcance a la marcha), con su respectiva log\u00edstica\u201d.<\/p>\n<p style=\"text-align: justify\">Desde la Central Obrera Boliviana (COB), su m\u00e1ximo ejecutivo, Mario Argollo, convoc\u00f3 a un cabildo para el 1 de mayo, cuando se recuerda el D\u00eda del Trabajador.<\/p>\n<p style=\"text-align: justify\">\u201cEl d\u00eda primero de mayo estamos llamando a un cabildo nacional, hemos socializado a los diferentes sectores, a los afiliados y no afiliados al ente matriz, y hemos recibido el apoyo y los sectores van a estar ingresando con marchas y diferentes maneras para llevar al cabildo\u201d, dijo Argollo, seg\u00fan inform\u00f3 Unitel.<\/p>\n<p style=\"text-align: justify\">En el cabildo se pretende definir acciones en contra de las medidas y ajustes del Gobierno, adem\u00e1s de reivindicar su pedido de incremento salarial.<\/p>\n<p style=\"text-align: justify\">Desde la anterior semana, maestros llegaron a la sede de Gobierno y protagonizaron marchas en el centro. El jueves, el di\u00e1logo entre este sector y el ministro de Educaci\u00f3n se rompi\u00f3. Ante esa situaci\u00f3n, los profesores anunciaron m\u00e1s protestas en alianza con la COB.<\/p>\n<p style=\"text-align: justify\">Este sector demanda un incremento salarial del 20 % y una jubilaci\u00f3n con el 100 % de su salario.<\/p>\n<p style=\"text-align: justify\">La Federaci\u00f3n Departamental de Comunidades Interculturales Originarias es otro de los sectores que anunci\u00f3 medidas de presi\u00f3n para la pr\u00f3xima semana.<\/p>\n<p style=\"text-align: justify\">A trav\u00e9s de un comunicado, el sector anunci\u00f3 un bloqueo de caminos de manera indefinida a partir de este lunes 27 de abril.<\/p>\n<p style=\"text-align: justify\">Seg\u00fan el comunicado, los interculturales comenzar\u00e1n esta protesta en contra de la falta de atenci\u00f3n del gobierno central, la provisi\u00f3n de combustibles de mala calidad, los atentados contra la democracia y la pretensi\u00f3n de imponer autoridades ileg\u00edtimas en el departamento de La Paz.<\/p>\n<p style=\"text-align: justify\">El s\u00e1bado, en medio del anuncio de protestas, el presidente Rodrigo Paz afirm\u00f3 que no teme a las movilizaciones y que su principal preocupaci\u00f3n es no poder ofrecer soluciones para el futuro del pa\u00eds.<\/p>\n<p style=\"text-align: justify\">\u201cBolivia quiere cambio y yo no le tengo miedo a las movilizaciones; soy un constructor de la democracia que creci\u00f3 entre marchas y liderazgos hist\u00f3ricos. No me asusta el movimiento en las calles, lo que realmente me preocupa es que no seamos capaces de ofrecer soluciones reales para el futuro de nuestra patria\u201d, escribi\u00f3 este s\u00e1bado el presidente Paz en su cuenta oficial de Facebook.<\/p>\n","protected":false},"excerpt":{"rendered":"<p>El pa\u00eds vivir\u00e1 una semana de conflictos. Distintos sectores, entre transportistas, maestros, trabajadores en salud, m\u00e9dicos e interculturales, anunciaron protestas desde este lunes. Adem\u00e1s, para estos d\u00edas llegar\u00e1 la marcha ind\u00edgena que exige la abrogaci\u00f3n de la Ley 1720, que autoriza la conversi\u00f3n de la peque\u00f1a propiedad en mediana propiedad. La C\u00e1mara Departamental de Transporte [&hellip;]<\/p>\n","protected":false},"author":1,"featured_media":86467,"comment_status":"closed","ping_status":"open","sticky":false,"template":"","format":"standard","meta":{"footnotes":""},"categories":[49],"tags":[],"class_list":{"0":"post-86466","1":"post","2":"type-post","3":"status-publish","4":"format-standard","5":"has-post-thumbnail","7":"category-social"},"_links":{"self":[{"href":"https:\/\/jms.com.bo\/mediamonitor\/wp-json\/wp\/v2\/posts\/86466","targetHints":{"allow":["GET"]}}],"collection":[{"href":"https:\/\/jms.com.bo\/mediamonitor\/wp-json\/wp\/v2\/posts"}],"about":[{"href":"https:\/\/jms.com.bo\/mediamonitor\/wp-json\/wp\/v2\/types\/post"}],"author":[{"embeddable":true,"href":"https:\/\/jms.com.bo\/mediamonitor\/wp-json\/wp\/v2\/users\/1"}],"replies":[{"embeddable":true,"href":"https:\/\/jms.com.bo\/mediamonitor\/wp-json\/wp\/v2\/comments?post=86466"}],"version-history":[{"count":0,"href":"https:\/\/jms.com.bo\/mediamonitor\/wp-json\/wp\/v2\/posts\/86466\/revisions"}],"wp:featuredmedia":[{"embeddable":true,"href":"https:\/\/jms.com.bo\/mediamonitor\/wp-json\/wp\/v2\/media\/86467"}],"wp:attachment":[{"href":"https:\/\/jms.com.bo\/mediamonitor\/wp-json\/wp\/v2\/media?parent=86466"}],"wp:term":[{"taxonomy":"category","embeddable":true,"href":"https:\/\/jms.com.bo\/mediamonitor\/wp-json\/wp\/v2\/categories?post=86466"},{"taxonomy":"post_tag","embeddable":true,"href":"https:\/\/jms.com.bo\/mediamonitor\/wp-json\/wp\/v2\/tags?post=86466"}],"curies":[{"name":"wp","href":"https:\/\/api.w.org\/{rel}","templated":true}]}}