{"id":86472,"date":"2026-04-28T07:18:32","date_gmt":"2026-04-28T11:18:32","guid":{"rendered":"https:\/\/mediamonitorbo.com.bo\/?p=21232"},"modified":"2026-04-28T07:18:32","modified_gmt":"2026-04-28T11:18:32","slug":"civicos-advierten-colapso-por-combustible-y-piden-refundacion-de-ypfb","status":"publish","type":"post","link":"https:\/\/jms.com.bo\/mediamonitor\/2026\/04\/28\/civicos-advierten-colapso-por-combustible-y-piden-refundacion-de-ypfb\/","title":{"rendered":"C\u00edvicos advierten \u2018colapso por combustible\u2019 y piden refundaci\u00f3n de YPFB"},"content":{"rendered":"<p style=\"text-align: justify\">El presidente del Comit\u00e9 pro Santa Cruz, Stello Cochamanidis, asegur\u00f3 este lunes que Bolivia atraviesa una crisis estructural vinculada al abastecimiento de combustible, por lo que sugiri\u00f3 la refundaci\u00f3n de Yacimientos Petrol\u00edferos Fiscales Bolivianos (YPFB).<\/p>\n<p style=\"text-align: justify\">Asimismo, el c\u00edvico afirm\u00f3 que el \u201cmodelo centralista colaps\u00f3\u201d.<\/p>\n<p style=\"text-align: justify\">\u201cDefinitivamente, el modelo centralista colaps\u00f3. Bolivia ya ha colapsado y todo pasa por el combustible\u201d, se\u00f1al\u00f3 el dirigente, al advertir que la escasez de carburantes impacta directamente en la actividad econ\u00f3mica del pa\u00eds.<\/p>\n<p style=\"text-align: justify\">Cochamanidis sostuvo que el funcionamiento del sistema productivo depende del abastecimiento energ\u00e9tico y cuestion\u00f3 las dificultades que enfrentan distintos sectores para acceder a di\u00e9sel y gasolina.<\/p>\n<p style=\"text-align: justify\">En ese marco, plante\u00f3 la necesidad de una reforma profunda en la empresa estatal Yacimientos Petrol\u00edferos Fiscales Bolivianos, se\u00f1alando que deber\u00eda ser \u201crefundada\u201d para mejorar su funcionamiento y eficiencia.<\/p>\n<p style=\"text-align: justify\">Refundaci\u00f3n<br \/>\n\u201cAqu\u00ed se tiene que hacer un cambio estructural, lo dijimos desde un inicio.Yacimientos necesita su refundaci\u00f3n, pero para que sirva, no para que trate de acaparar todo\u201d, puntualiz\u00f3 Cochamanidis.<\/p>\n<p style=\"text-align: justify\">El dirigente c\u00edvico afirm\u00f3 adem\u00e1s que el actual modelo de gesti\u00f3n del sector hidrocarbur\u00edfero tiene que revisarse, propuso la apertura a la inversi\u00f3n privada en el marco de asociaciones p\u00fablico-privadas (APP). \u201cTiene que morir el monopolio que maneja Yacimientos\u201d, manifest\u00f3.<\/p>\n<p style=\"text-align: justify\">Cochamanidis argument\u00f3 que la participaci\u00f3n privada permitir\u00eda garantizar el abastecimiento de combustibles y evitar la dependencia de una sola entidad estatal para la importaci\u00f3n y comercializaci\u00f3n.<\/p>\n<p style=\"text-align: justify\">Asimismo, pidi\u00f3 al Legislativo acelerar el tratamiento de cambios normativos para viabilizar una reestructuraci\u00f3n del sector hidrocarbur\u00edfero.<\/p>\n<p style=\"text-align: justify\">\u201cYa es hora que trabajen\u201d, expres\u00f3, en referencia a los parlamentarios.<\/p>\n<p style=\"text-align: justify\">Las declaraciones se producen en un contexto de persistentes reclamos por la escasez de combustible y las filas en estaciones de servicio en distintas regiones del pa\u00eds.<\/p>\n","protected":false},"excerpt":{"rendered":"<p>El presidente del Comit\u00e9 pro Santa Cruz, Stello Cochamanidis, asegur\u00f3 este lunes que Bolivia atraviesa una crisis estructural vinculada al abastecimiento de combustible, por lo que sugiri\u00f3 la refundaci\u00f3n de Yacimientos Petrol\u00edferos Fiscales Bolivianos (YPFB). Asimismo, el c\u00edvico afirm\u00f3 que el \u201cmodelo centralista colaps\u00f3\u201d. \u201cDefinitivamente, el modelo centralista colaps\u00f3. Bolivia ya ha colapsado y todo [&hellip;]<\/p>\n","protected":false},"author":1,"featured_media":86473,"comment_status":"closed","ping_status":"open","sticky":false,"template":"","format":"standard","meta":{"footnotes":""},"categories":[20,47,48],"tags":[],"class_list":{"0":"post-86472","1":"post","2":"type-post","3":"status-publish","4":"format-standard","5":"has-post-thumbnail","7":"category-actualidad","8":"category-portada-actualidad","9":"category-portada-general-sitio"},"_links":{"self":[{"href":"https:\/\/jms.com.bo\/mediamonitor\/wp-json\/wp\/v2\/posts\/86472","targetHints":{"allow":["GET"]}}],"collection":[{"href":"https:\/\/jms.com.bo\/mediamonitor\/wp-json\/wp\/v2\/posts"}],"about":[{"href":"https:\/\/jms.com.bo\/mediamonitor\/wp-json\/wp\/v2\/types\/post"}],"author":[{"embeddable":true,"href":"https:\/\/jms.com.bo\/mediamonitor\/wp-json\/wp\/v2\/users\/1"}],"replies":[{"embeddable":true,"href":"https:\/\/jms.com.bo\/mediamonitor\/wp-json\/wp\/v2\/comments?post=86472"}],"version-history":[{"count":0,"href":"https:\/\/jms.com.bo\/mediamonitor\/wp-json\/wp\/v2\/posts\/86472\/revisions"}],"wp:featuredmedia":[{"embeddable":true,"href":"https:\/\/jms.com.bo\/mediamonitor\/wp-json\/wp\/v2\/media\/86473"}],"wp:attachment":[{"href":"https:\/\/jms.com.bo\/mediamonitor\/wp-json\/wp\/v2\/media?parent=86472"}],"wp:term":[{"taxonomy":"category","embeddable":true,"href":"https:\/\/jms.com.bo\/mediamonitor\/wp-json\/wp\/v2\/categories?post=86472"},{"taxonomy":"post_tag","embeddable":true,"href":"https:\/\/jms.com.bo\/mediamonitor\/wp-json\/wp\/v2\/tags?post=86472"}],"curies":[{"name":"wp","href":"https:\/\/api.w.org\/{rel}","templated":true}]}}