{"id":86474,"date":"2026-04-28T07:20:03","date_gmt":"2026-04-28T11:20:03","guid":{"rendered":"https:\/\/mediamonitorbo.com.bo\/?p=21235"},"modified":"2026-04-28T07:20:03","modified_gmt":"2026-04-28T11:20:03","slug":"tse-denuncio-a-organizaciones-politicas-por-militancias-falsas","status":"publish","type":"post","link":"https:\/\/jms.com.bo\/mediamonitor\/2026\/04\/28\/tse-denuncio-a-organizaciones-politicas-por-militancias-falsas\/","title":{"rendered":"TSE denunci\u00f3 a organizaciones pol\u00edticas por militancias falsas"},"content":{"rendered":"<p style=\"text-align: justify\">El Tribunal Supremo Electoral (TSE) denunci\u00f3 ante el Ministerio P\u00fablico a organizaciones pol\u00edticas se\u00f1aladas por la presunta inscripci\u00f3n irregular de militantes, tras reclamos de ciudadanos que aseguraron haber sido afiliados sin su consentimiento en distintos partidos del pa\u00eds.<\/p>\n<p style=\"text-align: justify\">\u201cHemos cumplido el compromiso que ten\u00edamos y la responsabilidad de denunciar a las organizaciones pol\u00edticas en las que los ciudadanos reclamaban que han aparecido inscritos como militantes. (&#8230;) Estamos haciendo seguimiento al proceso\u201d, afirm\u00f3 el presidente del TSE, Gustavo \u00c1vila.<\/p>\n<p style=\"text-align: justify\">\u00c1vila explic\u00f3 que el \u00f3rgano electoral no tiene competencia para investigar estos hechos, como la presunta falsificaci\u00f3n de firmas, por lo que los casos fueron remitidos a la Fiscal\u00eda, instancia encargada de determinar responsabilidades.<\/p>\n<p style=\"text-align: justify\">Seg\u00fan la autoridad, el TSE remiti\u00f3 las denuncias por afiliaciones de militantes no solo en La Paz, sino tambi\u00e9n en otros departamentos.<\/p>\n<p style=\"text-align: justify\">El presidente del TSE remarc\u00f3 que ser\u00e1 el Ministerio P\u00fablico el que informe sobre los avances de las investigaciones.<\/p>\n<p style=\"text-align: justify\">El \u00f3rgano electoral anunci\u00f3 que, tras cerrar el proceso de elecciones subnacionales, se enfocar\u00e1 en la actualizaci\u00f3n del padr\u00f3n electoral que debe ser entregado en 2027 y en la elaboraci\u00f3n de un proyecto de reforma a la ley del r\u00e9gimen electoral, junto con ajustes a normas sobre partidos pol\u00edticos y el sistema electoral, el cual ser\u00e1 socializado con distintos actores antes de ser enviado a la Asamblea Legislativa.<\/p>\n<p style=\"text-align: justify\">\n","protected":false},"excerpt":{"rendered":"<p>El Tribunal Supremo Electoral (TSE) denunci\u00f3 ante el Ministerio P\u00fablico a organizaciones pol\u00edticas se\u00f1aladas por la presunta inscripci\u00f3n irregular de militantes, tras reclamos de ciudadanos que aseguraron haber sido afiliados sin su consentimiento en distintos partidos del pa\u00eds. \u201cHemos cumplido el compromiso que ten\u00edamos y la responsabilidad de denunciar a las organizaciones pol\u00edticas en las [&hellip;]<\/p>\n","protected":false},"author":1,"featured_media":86475,"comment_status":"closed","ping_status":"open","sticky":false,"template":"","format":"standard","meta":{"footnotes":""},"categories":[18],"tags":[],"class_list":{"0":"post-86474","1":"post","2":"type-post","3":"status-publish","4":"format-standard","5":"has-post-thumbnail","7":"category-politica"},"_links":{"self":[{"href":"https:\/\/jms.com.bo\/mediamonitor\/wp-json\/wp\/v2\/posts\/86474","targetHints":{"allow":["GET"]}}],"collection":[{"href":"https:\/\/jms.com.bo\/mediamonitor\/wp-json\/wp\/v2\/posts"}],"about":[{"href":"https:\/\/jms.com.bo\/mediamonitor\/wp-json\/wp\/v2\/types\/post"}],"author":[{"embeddable":true,"href":"https:\/\/jms.com.bo\/mediamonitor\/wp-json\/wp\/v2\/users\/1"}],"replies":[{"embeddable":true,"href":"https:\/\/jms.com.bo\/mediamonitor\/wp-json\/wp\/v2\/comments?post=86474"}],"version-history":[{"count":0,"href":"https:\/\/jms.com.bo\/mediamonitor\/wp-json\/wp\/v2\/posts\/86474\/revisions"}],"wp:featuredmedia":[{"embeddable":true,"href":"https:\/\/jms.com.bo\/mediamonitor\/wp-json\/wp\/v2\/media\/86475"}],"wp:attachment":[{"href":"https:\/\/jms.com.bo\/mediamonitor\/wp-json\/wp\/v2\/media?parent=86474"}],"wp:term":[{"taxonomy":"category","embeddable":true,"href":"https:\/\/jms.com.bo\/mediamonitor\/wp-json\/wp\/v2\/categories?post=86474"},{"taxonomy":"post_tag","embeddable":true,"href":"https:\/\/jms.com.bo\/mediamonitor\/wp-json\/wp\/v2\/tags?post=86474"}],"curies":[{"name":"wp","href":"https:\/\/api.w.org\/{rel}","templated":true}]}}