{"id":86476,"date":"2026-04-28T07:22:27","date_gmt":"2026-04-28T11:22:27","guid":{"rendered":"https:\/\/mediamonitorbo.com.bo\/?p=21238"},"modified":"2026-04-28T07:22:27","modified_gmt":"2026-04-28T11:22:27","slug":"saucedo-exige-elecciones-urgentes-para-cubrir-vacios-en-el-tsj-y-tcp","status":"publish","type":"post","link":"https:\/\/jms.com.bo\/mediamonitor\/2026\/04\/28\/saucedo-exige-elecciones-urgentes-para-cubrir-vacios-en-el-tsj-y-tcp\/","title":{"rendered":"Saucedo exige elecciones urgentes para cubrir vac\u00edos en el TSJ y TCP"},"content":{"rendered":"<p style=\"text-align: justify\">El presidente del Tribunal Supremo de Justicia (TSJ), R\u00f3mer Saucedo G\u00f3mez, inst\u00f3 este lunes a la Asamblea Legislativa Plurinacional a convocar de manera inmediata a elecciones judiciales para cubrir las acefal\u00edas existentes tanto en el TSJ como en el Tribunal Constitucional Plurinacional (TCP).<\/p>\n<p style=\"text-align: justify\">Desde la ciudad de Sucre, la autoridad judicial advirti\u00f3 que la falta de designaci\u00f3n de nuevas autoridades no solo incrementa la carga procesal, sino que tambi\u00e9n afecta la representaci\u00f3n institucional dentro del m\u00e1ximo tribunal ordinario del pa\u00eds. \u201cUrge la necesidad de que la Asamblea Legislativa cumpla con su tarea, convoque a elecciones judiciales y se rellenen estos espacios que est\u00e1n en acefal\u00eda\u201d, se\u00f1al\u00f3.<\/p>\n<p style=\"text-align: justify\">Saucedo enfatiz\u00f3 que la situaci\u00f3n es cr\u00edtica debido a que al menos dos departamentos no cuentan con representaci\u00f3n en la Sala Plena del TSJ, lo que \u2014seg\u00fan dijo\u2014 limita la toma de decisiones y debilita el funcionamiento del sistema judicial en su conjunto.<\/p>\n<p style=\"text-align: justify\">El llamado del titular del TSJ se produce en medio de crecientes cuestionamientos sobre la mora judicial y la falta de renovaci\u00f3n de autoridades en altas instancias del \u00d3rgano Judicial, un proceso que depende directamente de la convocatoria y organizaci\u00f3n legislativa.<\/p>\n<p style=\"text-align: justify\">Las elecciones judiciales son el mecanismo constitucional para designar a magistrados del TSJ y del TCP, instancias clave en la administraci\u00f3n de justicia y el control de constitucionalidad en Bolivia. Sin embargo, los retrasos en su convocatoria han generado vac\u00edos institucionales que ahora son advertidos desde la propia c\u00fapula judicial.<\/p>\n<p style=\"text-align: justify\">Hasta el momento, la Asamblea Legislativa no se ha pronunciado sobre un posible cronograma para la realizaci\u00f3n de estos comicios, mientras persiste la presi\u00f3n para normalizar la estructura del sistema judicial y garantizar su pleno funcionamiento.<\/p>\n","protected":false},"excerpt":{"rendered":"<p>El presidente del Tribunal Supremo de Justicia (TSJ), R\u00f3mer Saucedo G\u00f3mez, inst\u00f3 este lunes a la Asamblea Legislativa Plurinacional a convocar de manera inmediata a elecciones judiciales para cubrir las acefal\u00edas existentes tanto en el TSJ como en el Tribunal Constitucional Plurinacional (TCP). Desde la ciudad de Sucre, la autoridad judicial advirti\u00f3 que la falta [&hellip;]<\/p>\n","protected":false},"author":1,"featured_media":86477,"comment_status":"closed","ping_status":"open","sticky":false,"template":"","format":"standard","meta":{"footnotes":""},"categories":[18],"tags":[],"class_list":{"0":"post-86476","1":"post","2":"type-post","3":"status-publish","4":"format-standard","5":"has-post-thumbnail","7":"category-politica"},"_links":{"self":[{"href":"https:\/\/jms.com.bo\/mediamonitor\/wp-json\/wp\/v2\/posts\/86476","targetHints":{"allow":["GET"]}}],"collection":[{"href":"https:\/\/jms.com.bo\/mediamonitor\/wp-json\/wp\/v2\/posts"}],"about":[{"href":"https:\/\/jms.com.bo\/mediamonitor\/wp-json\/wp\/v2\/types\/post"}],"author":[{"embeddable":true,"href":"https:\/\/jms.com.bo\/mediamonitor\/wp-json\/wp\/v2\/users\/1"}],"replies":[{"embeddable":true,"href":"https:\/\/jms.com.bo\/mediamonitor\/wp-json\/wp\/v2\/comments?post=86476"}],"version-history":[{"count":0,"href":"https:\/\/jms.com.bo\/mediamonitor\/wp-json\/wp\/v2\/posts\/86476\/revisions"}],"wp:featuredmedia":[{"embeddable":true,"href":"https:\/\/jms.com.bo\/mediamonitor\/wp-json\/wp\/v2\/media\/86477"}],"wp:attachment":[{"href":"https:\/\/jms.com.bo\/mediamonitor\/wp-json\/wp\/v2\/media?parent=86476"}],"wp:term":[{"taxonomy":"category","embeddable":true,"href":"https:\/\/jms.com.bo\/mediamonitor\/wp-json\/wp\/v2\/categories?post=86476"},{"taxonomy":"post_tag","embeddable":true,"href":"https:\/\/jms.com.bo\/mediamonitor\/wp-json\/wp\/v2\/tags?post=86476"}],"curies":[{"name":"wp","href":"https:\/\/api.w.org\/{rel}","templated":true}]}}