{"id":86478,"date":"2026-04-28T07:24:25","date_gmt":"2026-04-28T11:24:25","guid":{"rendered":"https:\/\/mediamonitorbo.com.bo\/?p=21241"},"modified":"2026-04-28T07:24:25","modified_gmt":"2026-04-28T11:24:25","slug":"tse-entregara-este-martes-credenciales-a-mas-de-5-000-autoridades-electas","status":"publish","type":"post","link":"https:\/\/jms.com.bo\/mediamonitor\/2026\/04\/28\/tse-entregara-este-martes-credenciales-a-mas-de-5-000-autoridades-electas\/","title":{"rendered":"TSE entregar\u00e1 este martes credenciales a m\u00e1s de 5.000 autoridades electas"},"content":{"rendered":"<p style=\"text-align: justify\">El Tribunal Supremo Electoral (TSE) anunci\u00f3 que el proceso electoral subnacional est\u00e1 en su fase final y este martes entregar\u00e1 credenciales a m\u00e1s de 5.000 autoridades electas en los nueve departamentos del pa\u00eds.<\/p>\n<p style=\"text-align: justify\">El secretario de C\u00e1mara del TSE, Fernando Arteaga inform\u00f3 este lunes que el acto se realizar\u00e1 de manera simult\u00e1nea en todos los tribunales departamentales.<\/p>\n<p style=\"text-align: justify\">\u201cCada departamento va a hacer entrega de credenciales a todas las autoridades electas, estamos hablando de gobernadores, asamble\u00edstas, alcaldes y concejales\u201d, explic\u00f3 Arteaga en red Uno y destac\u00f3 que con este acto se da por concluido el calendario electoral.<\/p>\n<p style=\"text-align: justify\">Asimismo, explic\u00f3 que el documento habilita a las autoridades electas a iniciar los tr\u00e1mites de posesi\u00f3n en sus respectivos cargos. En el caso de alcaldes y concejales, la investidura se realiza conforme a la normativa de gobiernos municipales, generalmente ante autoridades judiciales.<\/p>\n<p style=\"text-align: justify\">Tareas<br \/>\nPara gobernadores y asamble\u00edstas departamentales, aunque no existe una disposici\u00f3n \u00fanica, se prev\u00e9 replicar el procedimiento de anteriores gestiones.<\/p>\n<p style=\"text-align: justify\">\u201cLos asamble\u00edstas suelen ser posesionados en la Asamblea Departamental, mientras que los gobernadores son investidos por el presidente del Estado\u201d, precis\u00f3.<\/p>\n<p style=\"text-align: justify\">Las autoridades electas asumir\u00e1n sus cargos el pr\u00f3ximo 4 de mayo.<\/p>\n<p style=\"text-align: justify\">Arteaga inform\u00f3 tambi\u00e9n que el \u00d3rgano Electoral proyecta encarar dos tareas estructurales tras concluir este ciclo: la actualizaci\u00f3n del padr\u00f3n electoral y una reforma normativa integral.<\/p>\n<p style=\"text-align: justify\">\u201cSe trabajar\u00e1 en un nuevo padr\u00f3n con respaldo legal y cooperaci\u00f3n externa, adem\u00e1s de ajustes a la normativa electoral y de organizaciones pol\u00edticas\u201d, se\u00f1al\u00f3.<\/p>\n<p style=\"text-align: justify\">Los nueve gobernadores electos del pa\u00eds son: En Chuquisaca, Luis Ayll\u00f3n; en La Paz, Luis Revilla; en Cochabamba, Leonardo Loza; en Santa Cruz, Juan Pablo Velasco; en Tarija, Mar\u00eda Ren\u00e9 Soruco; en Oruro, \u00c9dgar S\u00e1nchez; en Pando, Gabriela de Paiva; en Potos\u00ed, Ren\u00e9 Joaquino; en Beni, Jes\u00fas \u00c9g\u00fcez.<\/p>\n","protected":false},"excerpt":{"rendered":"<p>El Tribunal Supremo Electoral (TSE) anunci\u00f3 que el proceso electoral subnacional est\u00e1 en su fase final y este martes entregar\u00e1 credenciales a m\u00e1s de 5.000 autoridades electas en los nueve departamentos del pa\u00eds. El secretario de C\u00e1mara del TSE, Fernando Arteaga inform\u00f3 este lunes que el acto se realizar\u00e1 de manera simult\u00e1nea en todos los [&hellip;]<\/p>\n","protected":false},"author":1,"featured_media":86479,"comment_status":"closed","ping_status":"open","sticky":false,"template":"","format":"standard","meta":{"footnotes":""},"categories":[18,48,46],"tags":[],"class_list":{"0":"post-86478","1":"post","2":"type-post","3":"status-publish","4":"format-standard","5":"has-post-thumbnail","7":"category-politica","8":"category-portada-general-sitio","9":"category-portada-politica"},"_links":{"self":[{"href":"https:\/\/jms.com.bo\/mediamonitor\/wp-json\/wp\/v2\/posts\/86478","targetHints":{"allow":["GET"]}}],"collection":[{"href":"https:\/\/jms.com.bo\/mediamonitor\/wp-json\/wp\/v2\/posts"}],"about":[{"href":"https:\/\/jms.com.bo\/mediamonitor\/wp-json\/wp\/v2\/types\/post"}],"author":[{"embeddable":true,"href":"https:\/\/jms.com.bo\/mediamonitor\/wp-json\/wp\/v2\/users\/1"}],"replies":[{"embeddable":true,"href":"https:\/\/jms.com.bo\/mediamonitor\/wp-json\/wp\/v2\/comments?post=86478"}],"version-history":[{"count":0,"href":"https:\/\/jms.com.bo\/mediamonitor\/wp-json\/wp\/v2\/posts\/86478\/revisions"}],"wp:featuredmedia":[{"embeddable":true,"href":"https:\/\/jms.com.bo\/mediamonitor\/wp-json\/wp\/v2\/media\/86479"}],"wp:attachment":[{"href":"https:\/\/jms.com.bo\/mediamonitor\/wp-json\/wp\/v2\/media?parent=86478"}],"wp:term":[{"taxonomy":"category","embeddable":true,"href":"https:\/\/jms.com.bo\/mediamonitor\/wp-json\/wp\/v2\/categories?post=86478"},{"taxonomy":"post_tag","embeddable":true,"href":"https:\/\/jms.com.bo\/mediamonitor\/wp-json\/wp\/v2\/tags?post=86478"}],"curies":[{"name":"wp","href":"https:\/\/api.w.org\/{rel}","templated":true}]}}