{"id":86480,"date":"2026-04-28T07:25:58","date_gmt":"2026-04-28T11:25:58","guid":{"rendered":"https:\/\/mediamonitorbo.com.bo\/?p=21244"},"modified":"2026-04-28T07:25:58","modified_gmt":"2026-04-28T11:25:58","slug":"denuncian-que-gestion-saliente-deja-un-deficit-de-bs-2-500-millones-en-la-alcaldia-de-santa-cruz","status":"publish","type":"post","link":"https:\/\/jms.com.bo\/mediamonitor\/2026\/04\/28\/denuncian-que-gestion-saliente-deja-un-deficit-de-bs-2-500-millones-en-la-alcaldia-de-santa-cruz\/","title":{"rendered":"Denuncian que gesti\u00f3n saliente deja un d\u00e9ficit de Bs 2.500 millones en la alcald\u00eda de Santa Cruz"},"content":{"rendered":"<p style=\"text-align: justify\">Carlos Schlink, miembro de la comisi\u00f3n de transici\u00f3n del alcalde electo Carlos \u201cMam\u00e9n\u201d Saavedra, denunci\u00f3 la falta de informaci\u00f3n oficial y calific\u00f3 la situaci\u00f3n financiera de la Alcald\u00eda de Santa Cruz como \u201cdesastrosa\u201d.<\/p>\n<p style=\"text-align: justify\">Seg\u00fan explic\u00f3, el municipio arrastra m\u00faltiples compromisos pendientes, entre ellos el pago del servicio de recojo de basura, sueldos y salarios, adem\u00e1s de una deuda flotante correspondiente a 2025 que asciende a Bs 650 millones. A esto se suma una deuda no registrada de gestiones anteriores (2016-2021) estimada en Bs 600 millones, y obligaciones del actual periodo administrativo que rondar\u00edan los Bs 1.300 millones.<\/p>\n<p style=\"text-align: justify\">\u201cEste es el panorama en el que se encuentra la Alcald\u00eda: tenemos un d\u00e9ficit de 2.500 millones de bolivianos. Ante esto, debemos realizar una reingenier\u00eda urgente en todas las \u00e1reas y secretar\u00edas, priorizando las principales necesidades de la poblaci\u00f3n\u201d, afirm\u00f3 Schlink.<\/p>\n<p style=\"text-align: justify\">En ese sentido, se\u00f1al\u00f3 que la prioridad inmediata ser\u00e1 el pago de sueldos, especialmente en el sector salud. Indic\u00f3 que la regularizaci\u00f3n depender\u00e1 del flujo de recaudaciones municipales.<\/p>\n<p style=\"text-align: justify\">Respecto al servicio de recojo de basura, inform\u00f3 que se adeudan aproximadamente ocho meses a la empresa de aseo urbano Pira\u00ed, lo que ya estar\u00eda generando problemas de salubridad, saturaci\u00f3n en hospitales y acumulaci\u00f3n de residuos en mercados. Asimismo, mencion\u00f3 que la poda de \u00e1rboles es otra necesidad urgente que deber\u00e1 atenderse conforme existan recursos disponibles.<\/p>\n<p style=\"text-align: justify\">El dinero que ingresa se destina a pagos no prioritarios<\/p>\n<p style=\"text-align: justify\">Schlink reiter\u00f3 la gravedad de la situaci\u00f3n econ\u00f3mica y cuestion\u00f3 el destino de los recursos actuales. \u201cLos pocos ingresos que se est\u00e1n recaudando se desv\u00edan a pagos no prioritarios, como c\u00e1maras, cuando hay necesidades m\u00e1s urgentes en la ciudad\u201d, sostuvo.<\/p>\n<p style=\"text-align: justify\">Otro punto cr\u00edtico identificado es el sistema de recaudaci\u00f3n municipal. El funcionario asegur\u00f3 que no cuentan con informaci\u00f3n completa, aunque ya se realizan gestiones con instancias del Estado para acceder a bases de datos que permitan normalizar el sistema.<\/p>\n<p style=\"text-align: justify\">En relaci\u00f3n con el registro tributario, denunci\u00f3 una posible manipulaci\u00f3n del RUAT y anunci\u00f3 una investigaci\u00f3n sobre bienes municipales y eventuales irregularidades durante la gesti\u00f3n del actual alcalde, Jhonny Fern\u00e1ndez. \u201cSe pondr\u00e1 en evidencia a quienes hayan incurrido en estos hechos\u201d, advirti\u00f3.<\/p>\n<p style=\"text-align: justify\">\u00bfProyecci\u00f3n irreal de ingresos?<\/p>\n<p style=\"text-align: justify\">Schlink tambi\u00e9n cuestion\u00f3 las proyecciones de ingresos realizadas por la actual administraci\u00f3n, se\u00f1alando que se generaron expectativas irreales. Indic\u00f3 que se hab\u00eda proyectado un super\u00e1vit de hasta Bs 1.000 millones para 2025, cuando en realidad existir\u00eda un margen m\u00ednimo, lo que deriv\u00f3 en compromisos sin respaldo financiero, como el bono escolar.<\/p>\n<p style=\"text-align: justify\">\u201cSe habl\u00f3 de 71 millones de bolivianos para el bono escolar, pero esos recursos no existen. Est\u00e1n en el papel, pero no hay financiamiento real\u201d, lament\u00f3.<\/p>\n","protected":false},"excerpt":{"rendered":"<p>Carlos Schlink, miembro de la comisi\u00f3n de transici\u00f3n del alcalde electo Carlos \u201cMam\u00e9n\u201d Saavedra, denunci\u00f3 la falta de informaci\u00f3n oficial y calific\u00f3 la situaci\u00f3n financiera de la Alcald\u00eda de Santa Cruz como \u201cdesastrosa\u201d. Seg\u00fan explic\u00f3, el municipio arrastra m\u00faltiples compromisos pendientes, entre ellos el pago del servicio de recojo de basura, sueldos y salarios, adem\u00e1s [&hellip;]<\/p>\n","protected":false},"author":1,"featured_media":86481,"comment_status":"closed","ping_status":"open","sticky":false,"template":"","format":"standard","meta":{"footnotes":""},"categories":[25],"tags":[],"class_list":{"0":"post-86480","1":"post","2":"type-post","3":"status-publish","4":"format-standard","5":"has-post-thumbnail","7":"category-economia"},"_links":{"self":[{"href":"https:\/\/jms.com.bo\/mediamonitor\/wp-json\/wp\/v2\/posts\/86480","targetHints":{"allow":["GET"]}}],"collection":[{"href":"https:\/\/jms.com.bo\/mediamonitor\/wp-json\/wp\/v2\/posts"}],"about":[{"href":"https:\/\/jms.com.bo\/mediamonitor\/wp-json\/wp\/v2\/types\/post"}],"author":[{"embeddable":true,"href":"https:\/\/jms.com.bo\/mediamonitor\/wp-json\/wp\/v2\/users\/1"}],"replies":[{"embeddable":true,"href":"https:\/\/jms.com.bo\/mediamonitor\/wp-json\/wp\/v2\/comments?post=86480"}],"version-history":[{"count":0,"href":"https:\/\/jms.com.bo\/mediamonitor\/wp-json\/wp\/v2\/posts\/86480\/revisions"}],"wp:featuredmedia":[{"embeddable":true,"href":"https:\/\/jms.com.bo\/mediamonitor\/wp-json\/wp\/v2\/media\/86481"}],"wp:attachment":[{"href":"https:\/\/jms.com.bo\/mediamonitor\/wp-json\/wp\/v2\/media?parent=86480"}],"wp:term":[{"taxonomy":"category","embeddable":true,"href":"https:\/\/jms.com.bo\/mediamonitor\/wp-json\/wp\/v2\/categories?post=86480"},{"taxonomy":"post_tag","embeddable":true,"href":"https:\/\/jms.com.bo\/mediamonitor\/wp-json\/wp\/v2\/tags?post=86480"}],"curies":[{"name":"wp","href":"https:\/\/api.w.org\/{rel}","templated":true}]}}