{"id":86482,"date":"2026-04-28T07:29:41","date_gmt":"2026-04-28T11:29:41","guid":{"rendered":"https:\/\/mediamonitorbo.com.bo\/?p=21247"},"modified":"2026-04-28T07:29:41","modified_gmt":"2026-04-28T11:29:41","slug":"el-mutun-entra-en-reestructuracion-descartan-nuevas-contrataciones-y-anuncian-revision-de-exfuncionarios","status":"publish","type":"post","link":"https:\/\/jms.com.bo\/mediamonitor\/2026\/04\/28\/el-mutun-entra-en-reestructuracion-descartan-nuevas-contrataciones-y-anuncian-revision-de-exfuncionarios\/","title":{"rendered":"El Mut\u00fan entra en reestructuraci\u00f3n: descartan nuevas contrataciones y anuncian revisi\u00f3n de exfuncionarios"},"content":{"rendered":"<p style=\"text-align: justify\">El presidente ejecutivo de la Empresa Sider\u00fargica del Mut\u00fan \u00c1lvaro Tejerina inform\u00f3 que la estatal ingresar\u00e1 a una etapa de reestructuraci\u00f3n institucional, por lo que no se prev\u00e9 la contrataci\u00f3n de nuevo personal mientras se resuelven observaciones administrativas y t\u00e9cnicas heredadas de la anterior gesti\u00f3n.<\/p>\n<p style=\"text-align: justify\">Seg\u00fan radio Fides, la autoridad explic\u00f3 que parte del personal desvinculado cuenta con convenios que les impide incorporarse a otras entidades por un plazo determinado, situaci\u00f3n que \u2013seg\u00fan dijo\u2013 obliga a acelerar la resoluci\u00f3n contractual de la obra para lanzar una nueva licitaci\u00f3n y recuperar recurso humano especializado. \u201cNecesitamos resolver r\u00e1pidamente el contrato de la obra para poder licitar nuevamente y contar con ese material humano, que son las mejores personas. Obviamente no ser\u00e1n todas\u201d, se\u00f1al\u00f3 Tejerina.<\/p>\n<p style=\"text-align: justify\">En criterio del ejecutivo, existe un grupo importante de exfuncionarios que podr\u00eda ser reincorporado debido a su experiencia t\u00e9cnica y capacitaci\u00f3n, aunque aclar\u00f3 que tambi\u00e9n se detect\u00f3 presuntas irregularidades en procesos de contrataci\u00f3n realizados el a\u00f1o pasado. \u201cEstamos auditando la convocatoria; debi\u00f3 convocarse a nivel nacional para traer a los mejores, pero vimos que hay personas que no cumplieron sus funciones\u201d, afirm\u00f3.<\/p>\n<p style=\"text-align: justify\">Tejerina advirti\u00f3 que quienes no justificaron su trabajo o recibieron beneficios sin resultados deber\u00e1n responder econ\u00f3micamente. \u201cVan a tener que devolver hasta el \u00faltimo centavo que el Estado aport\u00f3 con nuestros impuestos para que puedan viajar\u201d, sostuvo, y a\u00f1adi\u00f3 que se revisar\u00e1 todos los informes internos para identificar al personal que s\u00ed cumpli\u00f3 con sus responsabilidades mensuales y cuya experiencia sigue siendo necesaria para la empresa.<\/p>\n<p style=\"text-align: justify\">En enero pasado, el ministro de Miner\u00eda Marco Calder\u00f3n revel\u00f3 la existencia de \u201cdeficiencias\u201d en el Complejo Sider\u00fargico del Mut\u00fan, particularmente en obras ejecutadas por el consorcio chino Sinosteel Equipment &amp; Engineering. Entonces, la autoridad se\u00f1al\u00f3 que anteriores administraciones entregaron la planta sin subsanar observaciones contractuales.<\/p>\n<p style=\"text-align: justify\">El complejo fue inaugurado por el anterior gobierno en febrero de 2025 con la proyecci\u00f3n de producir 200.000 toneladas anuales de hierro corrugado y alambr\u00f3n, adem\u00e1s de generar ingresos cercanos a 260 millones de d\u00f3lares por a\u00f1o.<\/p>\n<p style=\"text-align: justify\">La planta est\u00e1 ubicada en el municipio de Puerto Su\u00e1rez, provincia Germ\u00e1n Busch del departamento de Santa Cruz, y demand\u00f3 una inversi\u00f3n de 546 millones de d\u00f3lares.<\/p>\n","protected":false},"excerpt":{"rendered":"<p>El presidente ejecutivo de la Empresa Sider\u00fargica del Mut\u00fan \u00c1lvaro Tejerina inform\u00f3 que la estatal ingresar\u00e1 a una etapa de reestructuraci\u00f3n institucional, por lo que no se prev\u00e9 la contrataci\u00f3n de nuevo personal mientras se resuelven observaciones administrativas y t\u00e9cnicas heredadas de la anterior gesti\u00f3n. Seg\u00fan radio Fides, la autoridad explic\u00f3 que parte del personal [&hellip;]<\/p>\n","protected":false},"author":1,"featured_media":86483,"comment_status":"closed","ping_status":"open","sticky":false,"template":"","format":"standard","meta":{"footnotes":""},"categories":[25],"tags":[],"class_list":{"0":"post-86482","1":"post","2":"type-post","3":"status-publish","4":"format-standard","5":"has-post-thumbnail","7":"category-economia"},"_links":{"self":[{"href":"https:\/\/jms.com.bo\/mediamonitor\/wp-json\/wp\/v2\/posts\/86482","targetHints":{"allow":["GET"]}}],"collection":[{"href":"https:\/\/jms.com.bo\/mediamonitor\/wp-json\/wp\/v2\/posts"}],"about":[{"href":"https:\/\/jms.com.bo\/mediamonitor\/wp-json\/wp\/v2\/types\/post"}],"author":[{"embeddable":true,"href":"https:\/\/jms.com.bo\/mediamonitor\/wp-json\/wp\/v2\/users\/1"}],"replies":[{"embeddable":true,"href":"https:\/\/jms.com.bo\/mediamonitor\/wp-json\/wp\/v2\/comments?post=86482"}],"version-history":[{"count":0,"href":"https:\/\/jms.com.bo\/mediamonitor\/wp-json\/wp\/v2\/posts\/86482\/revisions"}],"wp:featuredmedia":[{"embeddable":true,"href":"https:\/\/jms.com.bo\/mediamonitor\/wp-json\/wp\/v2\/media\/86483"}],"wp:attachment":[{"href":"https:\/\/jms.com.bo\/mediamonitor\/wp-json\/wp\/v2\/media?parent=86482"}],"wp:term":[{"taxonomy":"category","embeddable":true,"href":"https:\/\/jms.com.bo\/mediamonitor\/wp-json\/wp\/v2\/categories?post=86482"},{"taxonomy":"post_tag","embeddable":true,"href":"https:\/\/jms.com.bo\/mediamonitor\/wp-json\/wp\/v2\/tags?post=86482"}],"curies":[{"name":"wp","href":"https:\/\/api.w.org\/{rel}","templated":true}]}}