{"id":86484,"date":"2026-04-28T07:31:53","date_gmt":"2026-04-28T11:31:53","guid":{"rendered":"https:\/\/mediamonitorbo.com.bo\/?p=21250"},"modified":"2026-04-28T07:31:53","modified_gmt":"2026-04-28T11:31:53","slug":"inversion-extranjera-y-empresas-son-llamadas-a-reducir-la-informalidad","status":"publish","type":"post","link":"https:\/\/jms.com.bo\/mediamonitor\/2026\/04\/28\/inversion-extranjera-y-empresas-son-llamadas-a-reducir-la-informalidad\/","title":{"rendered":"Inversi\u00f3n extranjera y empresas son llamadas a reducir la informalidad"},"content":{"rendered":"<p style=\"text-align: justify\">La informalidad en Bolivia est\u00e1 por el 85%, el m\u00e1s alto de la regi\u00f3n y recientemente Latinometrics public\u00f3 informaci\u00f3n sobre el porcentaje de j\u00f3venes que ingresan al mercado formal, la cifra est\u00e1 entre los m\u00e1s bajos de la regi\u00f3n. Ante ese panorama, los economistas se\u00f1alan a los impuestos que son altos y sostienen que los llamados a reducir la econom\u00eda informal son los empresarios y las inversiones extranjeras, para ello el Gobierno deber\u00e1 dar incentivos y crear condiciones favorables.<\/p>\n<p style=\"text-align: justify\">Amenaza<br \/>\nLa CAF, en la semana, habl\u00f3 que la informalidad es una amenaza, pero para el doctor en econom\u00eda Antonio Saravia, esta aseveraci\u00f3n es un error. \u201cLa amenaza es el gobierno y sus impuestos, sus trabas, su burocracia\u2026 por eso, porque es muy dif\u00edcil hacer negocios de manera formal en el pa\u00eds, es que la gente se hace informal. La informalidad entonces es un escape a la amenaza del gobierno\u201d, apunt\u00f3.<br \/>\nAdem\u00e1s, se\u00f1ala que la informalidad es la \u00fanica forma de sobrevivir en un pa\u00eds que no protege la propiedad privada, que no provee seguridad jur\u00eddica, que te mata a impuestos, etc.<br \/>\n\u201cY esto afecta sobre todo a los j\u00f3venes, que tienen muy pocos chances en la econom\u00eda formal\u201d, resalt\u00f3.<\/p>\n<p style=\"text-align: justify\">No aporta<br \/>\nSi bien la informalidad, desde el punto de vista te\u00f3rico, no aporta a la econom\u00eda de forma directa, por ejemplo, a trav\u00e9s de impuestos y siempre es observada, es una manera de enfrentar las crisis, seg\u00fan el economista y docente de la Universidad T\u00e9cnica de Oruro (UTO), Ernesto Bernal.<br \/>\nPor ejemplo, en pa\u00edses no desarrollados, como el nuestro, la informalidad nos ha salvado de ciertas crisis profundas, dijo, indicando que el porcentaje en el pa\u00eds oscila entre 80% a 85%, seg\u00fan estudios del Instituto de Estudios Avanzados en Desarrollo (Inesad), uno de los m\u00e1s altos de la regi\u00f3n.<br \/>\nEsos datos revelan el gran nivel de desempleo que existe en el pa\u00eds, por ello la informalidad ha absorbido esas personas, de lo contrario Bolivia se encontrar\u00eda en una situaci\u00f3n m\u00e1s complicada en este momento, sino ser\u00eda la informalidad, destac\u00f3.<br \/>\nEl desaf\u00edo es c\u00f3mo lo formalizamos, pregunta y responde que se necesita pol\u00edticas econ\u00f3micas en temas de empleo, inversi\u00f3n para el sector p\u00fablico, pero m\u00e1s para el privado, para que pueda absorber esta mano de obra.<\/p>\n<p style=\"text-align: justify\">Salario<br \/>\nBernal reflexiona que los incrementos salariales, sin un an\u00e1lisis, tambi\u00e9n provocan desempleo y tiene que ser absorbido por el sector informal, ya que las empresas formales no tienen la capacidad de cubrir los gastos laborales, por lo tanto despiden personal.<br \/>\nAsimismo, se\u00f1ala que el sector informal es m\u00e1s vulnerable a las crisis econ\u00f3micas, pues no gozan de beneficios sociales, tambi\u00e9n hay una parte del sector formal, un porcentaje entre 15% a 20% que siente los efectos.<br \/>\nEn definitiva, la crisis econ\u00f3mica y energ\u00e9tica, que se traducen en incremento de precios y falta de carburantes en el mercado nacional afectan al sector formal como al informal, detall\u00f3.<br \/>\n\u201cLa gente entra al mercado informal con salarios de sobrevivencia\u201d, explic\u00f3.<\/p>\n<p style=\"text-align: justify\">Sector privado<br \/>\nBolivia se encuentra en un momento complicado debido a que el pa\u00eds no cuenta con recursos, es decir divisas, por ello las empresas privadas deben liderar la tarea de absorber la mano de obra, recomend\u00f3.<br \/>\nEn esa misma l\u00ednea, Bernal tambi\u00e9n plante\u00f3 que el pa\u00eds debe captar inversi\u00f3n extranjera para crear empleo formal.<br \/>\nLament\u00f3 que se haya derrochado 20 a\u00f1os de recursos que ingresaron por la venta de gas, con los cuales se hubiera avanzado en la formalizaci\u00f3n de la econom\u00eda y en la creaci\u00f3n de subsidios al desempleo, es decir planes de un a\u00f1o.<br \/>\nAdem\u00e1s, reiter\u00f3 que la empresa privada es llamada a liderar la absorci\u00f3n de la mano de obra, un porcentaje del sector informal, pero para ello el Estado debe brindar las condiciones e incentivos necesarios.<\/p>\n<p style=\"text-align: justify\">Formal<br \/>\nEn Bolivia, menos del 5% de los j\u00f3venes trabajadores participan en la econom\u00eda formal. Esto significa que no tienen cotizaciones para la pensi\u00f3n, ni d\u00edas por enfermedad, ni protecci\u00f3n laboral, de acuerdo con una publicaci\u00f3n de Latinometrics.<br \/>\nEsa es la tasa de informalidad juvenil m\u00e1s alta de Am\u00e9rica Latina y es un problema estructural que, el reci\u00e9n elegido presidente Rodrigo Paz, ha convertido en un pilar fundamental de su agenda.<\/p>\n<p style=\"text-align: justify\">An\u00e1lisis<br \/>\nEl \u00faltimo reporte del equipo de investigaci\u00f3n Ad\u00e1mas-Inesad, titulado \u201cPulso Laboral &amp; Sectorial\u201d, de febrero, revela un diagn\u00f3stico alarmante del mercado de trabajo boliviano al cierre de 2025.<br \/>\nPese a que la tasa de desempleo urbana cay\u00f3 a un m\u00ednimo hist\u00f3rico de 2,3%, el informe advierte que este fen\u00f3meno no responde a una bonanza econ\u00f3mica, sino a una \u201crecomposici\u00f3n de la fuerza laboral que busca contrarrestar el deterioro de los ingresos laborales reales\u201d.<\/p>\n<p style=\"text-align: justify\">La realidad es que el bolsillo del trabajador boliviano est\u00e1 bajo, cada d\u00eda m\u00e1s vac\u00edo.<br \/>\nEntre 2024 y 2025, los ingresos se desplomaron un 13,4%, debido a un aceleramiento de la inflaci\u00f3n que alcanz\u00f3 el 20,4%. Ante la falta de un seguro de desempleo, la poblaci\u00f3n ha optado por refugiarse en el sector informal, se\u00f1ala la publicaci\u00f3n de Inesad.<br \/>\nLa tasa de ocupados urbanos con aguinaldo, term\u00f3metro del empleo formal, cay\u00f3 del 24,7% al 16,9%, lo que confirma que \u201cun mayor porcentaje de personas est\u00e1 con empleos precarios ya sea por cuenta propia, familiares sin remuneraci\u00f3n o de otra \u00edndole\u201d.<br \/>\nEl estudio destaca que la tasa global de participaci\u00f3n subi\u00f3 al 80,1%, impulsada principalmente por las mujeres, quienes se han volcado al mercado laboral para sostener el hogar. En el sector privado, el empleo formal acumul\u00f3 una ca\u00edda del 19,9% desde 2017, golpeando con dureza a rubros como hidrocarburos y transporte.<br \/>\nLa productividad laboral tambi\u00e9n sigue en picada, con la excepci\u00f3n del sector agropecuario, que muestra una tendencia positiva a pesar que a\u00fan \u201ctiene una productividad laboral muy baja en relaci\u00f3n al promedio nacional\u201d.<br \/>\nEn resumen, Bolivia trabaja m\u00e1s, pero gana mucho menos en t\u00e9rminos de poder de compra, sentencia la publicaci\u00f3n.<\/p>\n","protected":false},"excerpt":{"rendered":"<p>La informalidad en Bolivia est\u00e1 por el 85%, el m\u00e1s alto de la regi\u00f3n y recientemente Latinometrics public\u00f3 informaci\u00f3n sobre el porcentaje de j\u00f3venes que ingresan al mercado formal, la cifra est\u00e1 entre los m\u00e1s bajos de la regi\u00f3n. Ante ese panorama, los economistas se\u00f1alan a los impuestos que son altos y sostienen que los [&hellip;]<\/p>\n","protected":false},"author":1,"featured_media":86485,"comment_status":"closed","ping_status":"open","sticky":false,"template":"","format":"standard","meta":{"footnotes":""},"categories":[25],"tags":[],"class_list":{"0":"post-86484","1":"post","2":"type-post","3":"status-publish","4":"format-standard","5":"has-post-thumbnail","7":"category-economia"},"_links":{"self":[{"href":"https:\/\/jms.com.bo\/mediamonitor\/wp-json\/wp\/v2\/posts\/86484","targetHints":{"allow":["GET"]}}],"collection":[{"href":"https:\/\/jms.com.bo\/mediamonitor\/wp-json\/wp\/v2\/posts"}],"about":[{"href":"https:\/\/jms.com.bo\/mediamonitor\/wp-json\/wp\/v2\/types\/post"}],"author":[{"embeddable":true,"href":"https:\/\/jms.com.bo\/mediamonitor\/wp-json\/wp\/v2\/users\/1"}],"replies":[{"embeddable":true,"href":"https:\/\/jms.com.bo\/mediamonitor\/wp-json\/wp\/v2\/comments?post=86484"}],"version-history":[{"count":0,"href":"https:\/\/jms.com.bo\/mediamonitor\/wp-json\/wp\/v2\/posts\/86484\/revisions"}],"wp:featuredmedia":[{"embeddable":true,"href":"https:\/\/jms.com.bo\/mediamonitor\/wp-json\/wp\/v2\/media\/86485"}],"wp:attachment":[{"href":"https:\/\/jms.com.bo\/mediamonitor\/wp-json\/wp\/v2\/media?parent=86484"}],"wp:term":[{"taxonomy":"category","embeddable":true,"href":"https:\/\/jms.com.bo\/mediamonitor\/wp-json\/wp\/v2\/categories?post=86484"},{"taxonomy":"post_tag","embeddable":true,"href":"https:\/\/jms.com.bo\/mediamonitor\/wp-json\/wp\/v2\/tags?post=86484"}],"curies":[{"name":"wp","href":"https:\/\/api.w.org\/{rel}","templated":true}]}}