{"id":86496,"date":"2026-04-28T07:58:18","date_gmt":"2026-04-28T11:58:18","guid":{"rendered":"https:\/\/mediamonitorbo.com.bo\/?p=21268"},"modified":"2026-04-28T07:58:18","modified_gmt":"2026-04-28T11:58:18","slug":"paz-asegura-que-nadie-va-a-privatizar-ypfb","status":"publish","type":"post","link":"https:\/\/jms.com.bo\/mediamonitor\/2026\/04\/28\/paz-asegura-que-nadie-va-a-privatizar-ypfb\/","title":{"rendered":"Paz asegura que \u201cnadie va a privatizar YPFB\u201d"},"content":{"rendered":"<p style=\"text-align: justify\">El presidente Rodrigo Paz respondi\u00f3 este lunes a Evo Morales, a quien pidi\u00f3 dejar de mentir sobre un supuesto plan para privatizar Yacimientos Petrol\u00edferos Fiscales Bolivianos (YPFB), y afirm\u00f3 que la empresa ser\u00e1 m\u00e1s eficiente para beneficiar al pa\u00eds.<\/p>\n<p style=\"text-align: justify\">En una publicaci\u00f3n en sus cuentas de redes sociales, el primer mandatario consider\u00f3 que Morales no tiene \u201cautoridad moral\u201d para hablar de la estatal petrolera, debido a que, junto con el expresidente Luis Arce, ocasionaron su quiebra.<\/p>\n<p style=\"text-align: justify\">\u201cNo le mientas una vez m\u00e1s al pa\u00eds: nadie va a privatizar YPFB. La haremos eficiente para todos los bolivianos. Evo, la patria est\u00e1 por encima de partidos y caudillos. La patria va a salir adelante\u201d, escribi\u00f3 Paz.<\/p>\n<p style=\"text-align: justify\">Asimismo, record\u00f3 que la gran mayor\u00eda de la poblaci\u00f3n le dio el mandato de cambiar lo que el gobierno de Morales \u201cdestroz\u00f3\u201d durante 20 a\u00f1os, ya que YPFB era la empresa con m\u00e1s recursos, reservas petrol\u00edferas y gas\u00edferas del pa\u00eds.<\/p>\n<p style=\"text-align: justify\">\u201cDurante 20 a\u00f1os, t\u00fa y tu ministro Arce, de Econom\u00eda, no hicieron m\u00e1s que usarla para sus intereses pol\u00edticos, gastar el gas y no asegurar el futuro de la patria\u201d, afirm\u00f3.<\/p>\n<p style=\"text-align: justify\">En ese sentido, cuestion\u00f3 que la promesa de la nacionalizaci\u00f3n dej\u00f3 a todos los bolivianos sin gas y sin futuro hidrocarbur\u00edfero.<\/p>\n<p style=\"text-align: justify\">\u201cLa soberan\u00eda energ\u00e9tica que nos prometieron hoy es un fracaso porque la negociaste y la vendiste\u201d, indic\u00f3 Paz.<\/p>\n<p style=\"text-align: justify\">Por otro lado, el presidente mencion\u00f3 que durante la gesti\u00f3n de Arce la poblaci\u00f3n enfrent\u00f3 casi dos a\u00f1os de largas filas de veh\u00edculos en las estaciones de servicio para cargar combustible.<\/p>\n<p style=\"text-align: justify\">\u201cAhora no pueden pretender que resolvamos en meses lo que destruyeron con corrupci\u00f3n en 20 a\u00f1os. Dejaron un pa\u00eds arrasado que estamos empezando a reconstruir\u201d, afirm\u00f3.<\/p>\n<p style=\"text-align: justify\">Adem\u00e1s, comprometi\u00f3 que su Gobierno construir\u00e1 una YPFB fuerte, transparente y al servicio de todos los bolivianos, \u201cverdaderamente nacional y no de un partido pol\u00edtico ni de unas pocas familias\u201d.<\/p>\n<p style=\"text-align: justify\">\u201cEst\u00e1n haciendo campa\u00f1a\u201d<\/p>\n<p style=\"text-align: justify\">El domingo reci\u00e9n pasado, el l\u00edder cocalero y expresidente afirm\u00f3 este domingo que existe una estrategia orientada a deteriorar la imagen de Yacimientos Petrol\u00edferos Fiscales Bolivianos (YPFB), con el objetivo de impulsar su privatizaci\u00f3n.<\/p>\n<p style=\"text-align: justify\">\u201cDe manera intencionada, est\u00e1n haciendo campa\u00f1a de la mala imagen de YPFB. Dice \u2018YPFB ya no sirve, entonces hay que privatizar\u2019. Para el (decreto) 21060 tambi\u00e9n hicieron campa\u00f1a contra las empresas estatales\u201d, sostuvo durante su programa radial.<\/p>\n","protected":false},"excerpt":{"rendered":"<p>El presidente Rodrigo Paz respondi\u00f3 este lunes a Evo Morales, a quien pidi\u00f3 dejar de mentir sobre un supuesto plan para privatizar Yacimientos Petrol\u00edferos Fiscales Bolivianos (YPFB), y afirm\u00f3 que la empresa ser\u00e1 m\u00e1s eficiente para beneficiar al pa\u00eds. En una publicaci\u00f3n en sus cuentas de redes sociales, el primer mandatario consider\u00f3 que Morales no [&hellip;]<\/p>\n","protected":false},"author":1,"featured_media":86497,"comment_status":"closed","ping_status":"open","sticky":false,"template":"","format":"standard","meta":{"footnotes":""},"categories":[40,23,48,43],"tags":[],"class_list":{"0":"post-86496","1":"post","2":"type-post","3":"status-publish","4":"format-standard","5":"has-post-thumbnail","7":"category-bolivia","8":"category-hidrocarburos","9":"category-portada-general-sitio","10":"category-portada-oil-gas"},"_links":{"self":[{"href":"https:\/\/jms.com.bo\/mediamonitor\/wp-json\/wp\/v2\/posts\/86496","targetHints":{"allow":["GET"]}}],"collection":[{"href":"https:\/\/jms.com.bo\/mediamonitor\/wp-json\/wp\/v2\/posts"}],"about":[{"href":"https:\/\/jms.com.bo\/mediamonitor\/wp-json\/wp\/v2\/types\/post"}],"author":[{"embeddable":true,"href":"https:\/\/jms.com.bo\/mediamonitor\/wp-json\/wp\/v2\/users\/1"}],"replies":[{"embeddable":true,"href":"https:\/\/jms.com.bo\/mediamonitor\/wp-json\/wp\/v2\/comments?post=86496"}],"version-history":[{"count":0,"href":"https:\/\/jms.com.bo\/mediamonitor\/wp-json\/wp\/v2\/posts\/86496\/revisions"}],"wp:featuredmedia":[{"embeddable":true,"href":"https:\/\/jms.com.bo\/mediamonitor\/wp-json\/wp\/v2\/media\/86497"}],"wp:attachment":[{"href":"https:\/\/jms.com.bo\/mediamonitor\/wp-json\/wp\/v2\/media?parent=86496"}],"wp:term":[{"taxonomy":"category","embeddable":true,"href":"https:\/\/jms.com.bo\/mediamonitor\/wp-json\/wp\/v2\/categories?post=86496"},{"taxonomy":"post_tag","embeddable":true,"href":"https:\/\/jms.com.bo\/mediamonitor\/wp-json\/wp\/v2\/tags?post=86496"}],"curies":[{"name":"wp","href":"https:\/\/api.w.org\/{rel}","templated":true}]}}