{"id":86498,"date":"2026-04-29T08:01:59","date_gmt":"2026-04-29T12:01:59","guid":{"rendered":"https:\/\/mediamonitorbo.com.bo\/?p=21273"},"modified":"2026-04-29T08:01:59","modified_gmt":"2026-04-29T12:01:59","slug":"con-solo-3-camas-colapsa-terapia-intensiva-pediatrica-del-hrsjd","status":"publish","type":"post","link":"https:\/\/jms.com.bo\/mediamonitor\/2026\/04\/29\/con-solo-3-camas-colapsa-terapia-intensiva-pediatrica-del-hrsjd\/","title":{"rendered":"Con solo 3 camas, colapsa Terapia Intensiva Pedi\u00e1trica del HRSJD"},"content":{"rendered":"<p style=\"text-align: justify\">La Sala de Terapia Intensiva Pedi\u00e1trica del Hospital Regional San Juan de Dios est\u00e1 al borde del colapso, no solo por falta de espacio, sino porque sus equipos ya est\u00e1n deteriorados.<\/p>\n<p style=\"text-align: justify\">Esa fue la realidad que hizo conocer el m\u00e9dico responsable de esa \u00e1rea, Nils Cass\u00f3n, quien confirm\u00f3 que actualmente todas las camas est\u00e1n ocupadas, no hay espacio.<\/p>\n<p style=\"text-align: justify\">Esta situaci\u00f3n ya tuvo consecuencias. El pasado fin de semana un ni\u00f1o de 5 a\u00f1os deb\u00eda ser transferido desde la ciudad de Bermejo, sin embargo, debido a la falta de espacio fue derivado a la ciudad de Potos\u00ed. Pero antes de llegar al hospital, el menor falleci\u00f3.<\/p>\n<p style=\"text-align: justify\">\u201cLa situaci\u00f3n es complicada porque la poblaci\u00f3n sigue aumentando. No hemos comenzado a\u00fan la \u00e9poca alta de infecciones respiratorias y ahorita ya no tenemos espacio en la Terapia Intensiva Pedi\u00e1trica, est\u00e1 llena\u201d, advirti\u00f3 el galeno.<\/p>\n<p style=\"text-align: justify\">Cass\u00f3n detall\u00f3 que esta \u00e1rea en el Hospital Regional tiene con tan solo tres camas, para atender a los ni\u00f1os en estado grave de todo el departamento de Tarija y algunas poblaciones del sur del pa\u00eds, como Chuquisaca o Potos\u00ed, que tambi\u00e9n suelen derivar pacientes.<\/p>\n<p style=\"text-align: justify\">\u201cTres camas son insuficientes\u201d, recalc\u00f3 Cass\u00f3n, al indicar que a esta situaci\u00f3n se suma la precariedad de los equipos con los que cuenta, que est\u00e1n deteriorados, obsoletos o ya cumplieron su vida \u00fatil.<\/p>\n<p style=\"text-align: justify\">El m\u00e9dico especialista hace conocer su preocupaci\u00f3n, pues advierte que se acerca la temporada de invierno y ello implica un aumento de infecciones respiratorias con alta carga viral.<\/p>\n<p style=\"text-align: justify\">\u201cTener solo tres camas es muy complicado. Uno de los pacientes que tenemos fue derivado de la Caja Nacional de Salud, entonces ellos tampoco tienen un \u00e1rea de terapia intensiva pedi\u00e1trica\u201d, recalc\u00f3.<\/p>\n<p style=\"text-align: justify\">Cass\u00f3n detall\u00f3 que actualmente est\u00e1n en terapia intensiva un ni\u00f1o con una cardiopat\u00eda compleja que tiene una infecci\u00f3n pulmonar, otro menor con un trauma enc\u00e9falo craneano debido a una ca\u00edda de casi dos metros de altura, y un ni\u00f1o con insuficiencia hep\u00e1tica que fue transferido de otro nosocomio.<\/p>\n<p style=\"text-align: justify\">Peregrinar por medicamentos<\/p>\n<p style=\"text-align: justify\">Pero el \u00e1rea pedi\u00e1trica no es la \u00fanica en crisis. En Tarija los pacientes con c\u00e1ncer est\u00e1n peregrinando por conseguir los medicamentos que requieren.<\/p>\n<p style=\"text-align: justify\">Judith Riquelme, representante de los pacientes con c\u00e1ncer, indic\u00f3 que existe preocupaci\u00f3n por la falta de medicamentos para los tratamientos, una falencia que no solo hay en Tarija, sino tambi\u00e9n en otros departamentos.<\/p>\n<p style=\"text-align: justify\">Coment\u00f3 que varias personas se han visto obligadas a viajar a La Paz o Santa Cruz para su tratamiento, sin embargo, en esos departamentos tampoco hay los insumos que deber\u00edan ser garantizados por el Ministerio de Salud.<\/p>\n<p style=\"text-align: justify\">\u201cLos pacientes con c\u00e1ncer deben seguir todo un proceso burocr\u00e1tico para recibir atenci\u00f3n y cuando por fin consiguen ficha y son derivados, se hallan con que no hay medicamentos\u201d, lament\u00f3.<\/p>\n<p style=\"text-align: justify\">Ante esta situaci\u00f3n los pacientes con c\u00e1ncer de todo el pa\u00eds se est\u00e1n organizando para iniciar una movilizaci\u00f3n nacional, para exigir al Gobierno que cumpla con su obligaci\u00f3n de garantizar atenci\u00f3n, tratamiento y medicamentos para este sector vulnerable.<\/p>\n","protected":false},"excerpt":{"rendered":"<p>La Sala de Terapia Intensiva Pedi\u00e1trica del Hospital Regional San Juan de Dios est\u00e1 al borde del colapso, no solo por falta de espacio, sino porque sus equipos ya est\u00e1n deteriorados. Esa fue la realidad que hizo conocer el m\u00e9dico responsable de esa \u00e1rea, Nils Cass\u00f3n, quien confirm\u00f3 que actualmente todas las camas est\u00e1n ocupadas, [&hellip;]<\/p>\n","protected":false},"author":1,"featured_media":86499,"comment_status":"closed","ping_status":"open","sticky":false,"template":"","format":"standard","meta":{"footnotes":""},"categories":[53],"tags":[],"class_list":{"0":"post-86498","1":"post","2":"type-post","3":"status-publish","4":"format-standard","5":"has-post-thumbnail","7":"category-salud"},"_links":{"self":[{"href":"https:\/\/jms.com.bo\/mediamonitor\/wp-json\/wp\/v2\/posts\/86498","targetHints":{"allow":["GET"]}}],"collection":[{"href":"https:\/\/jms.com.bo\/mediamonitor\/wp-json\/wp\/v2\/posts"}],"about":[{"href":"https:\/\/jms.com.bo\/mediamonitor\/wp-json\/wp\/v2\/types\/post"}],"author":[{"embeddable":true,"href":"https:\/\/jms.com.bo\/mediamonitor\/wp-json\/wp\/v2\/users\/1"}],"replies":[{"embeddable":true,"href":"https:\/\/jms.com.bo\/mediamonitor\/wp-json\/wp\/v2\/comments?post=86498"}],"version-history":[{"count":0,"href":"https:\/\/jms.com.bo\/mediamonitor\/wp-json\/wp\/v2\/posts\/86498\/revisions"}],"wp:featuredmedia":[{"embeddable":true,"href":"https:\/\/jms.com.bo\/mediamonitor\/wp-json\/wp\/v2\/media\/86499"}],"wp:attachment":[{"href":"https:\/\/jms.com.bo\/mediamonitor\/wp-json\/wp\/v2\/media?parent=86498"}],"wp:term":[{"taxonomy":"category","embeddable":true,"href":"https:\/\/jms.com.bo\/mediamonitor\/wp-json\/wp\/v2\/categories?post=86498"},{"taxonomy":"post_tag","embeddable":true,"href":"https:\/\/jms.com.bo\/mediamonitor\/wp-json\/wp\/v2\/tags?post=86498"}],"curies":[{"name":"wp","href":"https:\/\/api.w.org\/{rel}","templated":true}]}}