{"id":86500,"date":"2026-04-29T08:05:14","date_gmt":"2026-04-29T12:05:14","guid":{"rendered":"https:\/\/mediamonitorbo.com.bo\/?p=21276"},"modified":"2026-04-29T08:05:14","modified_gmt":"2026-04-29T12:05:14","slug":"productores-de-leche-denuncian-alza-de-precios-y-piden-sincerar-costos","status":"publish","type":"post","link":"https:\/\/jms.com.bo\/mediamonitor\/2026\/04\/29\/productores-de-leche-denuncian-alza-de-precios-y-piden-sincerar-costos\/","title":{"rendered":"Productores de leche denuncian alza de precios y piden \u2018sincerar\u2019 costos"},"content":{"rendered":"<p style=\"text-align: justify\">El presidente de la Federaci\u00f3n Departamental de Productores de Leche en Santa Cruz (Fedeple), Carlos Rojas, cuestion\u00f3 el incremento de precios de los productos l\u00e1cteos en mercados y se\u00f1al\u00f3 que existen m\u00e1rgenes elevados en la comercializaci\u00f3n que afectan al consumidor final.<\/p>\n<p style=\"text-align: justify\">Rojas afirm\u00f3 que, si bien el precio de la leche se define en un mercado de oferta y demanda, actualmente se observa un incremento de entre 15% y 25% en los puntos de venta.<\/p>\n<p style=\"text-align: justify\">\u201cVemos que los productos est\u00e1n por encima de un 15 a 25% en el mercado. No podemos permitir que se llegue al consumidor final con precios elevados\u201d, se\u00f1al\u00f3 a Bolivisi\u00f3n.<\/p>\n<p style=\"text-align: justify\">El dirigente explic\u00f3 que el precio de la leche en origen var\u00eda entre 4,60 y 5,50 bolivianos por litro, dependiendo de la calidad, y que estos valores pueden verificarse en industrias, supermercados y PIL.<\/p>\n<p style=\"text-align: justify\">Leche<br \/>\nEn ese sentido, sostuvo que el consumidor tiene la posibilidad de elegir d\u00f3nde comprar, pero advirti\u00f3 que es necesario transparentar la estructura de precios en toda la cadena.<\/p>\n<p style=\"text-align: justify\">Asimismo, indic\u00f3 que los productores trabajan durante todo el a\u00f1o con m\u00e1rgenes de ganancia reducidos, que oscilan entre el 3% y el 5%, en contraste con los incrementos aplicados en la etapa de comercializaci\u00f3n.<\/p>\n<p style=\"text-align: justify\">\u201cNosotros trabajamos los 365 d\u00edas del a\u00f1o y vemos que el comerciante est\u00e1 subiendo entre 20 y 25% al precio final. Hay que sincerar los precios\u201d, enfatiz\u00f3 e\u00f1 dirigente.<\/p>\n<p style=\"text-align: justify\">Rojas tambi\u00e9n mencion\u00f3 que los precios pueden fluctuar seg\u00fan la demanda, recordando que en d\u00edas recientes se registr\u00f3 un incremento que luego se corrigi\u00f3 ante la ca\u00edda del consumo.<\/p>\n<p style=\"text-align: justify\">Los productores piden mayor equilibrio en la cadena de comercializaci\u00f3n para evitar distorsiones que perjudiquen tanto a productores como a consumidores.<\/p>\n","protected":false},"excerpt":{"rendered":"<p>El presidente de la Federaci\u00f3n Departamental de Productores de Leche en Santa Cruz (Fedeple), Carlos Rojas, cuestion\u00f3 el incremento de precios de los productos l\u00e1cteos en mercados y se\u00f1al\u00f3 que existen m\u00e1rgenes elevados en la comercializaci\u00f3n que afectan al consumidor final. Rojas afirm\u00f3 que, si bien el precio de la leche se define en un [&hellip;]<\/p>\n","protected":false},"author":1,"featured_media":86501,"comment_status":"closed","ping_status":"open","sticky":false,"template":"","format":"standard","meta":{"footnotes":""},"categories":[57],"tags":[],"class_list":{"0":"post-86500","1":"post","2":"type-post","3":"status-publish","4":"format-standard","5":"has-post-thumbnail","7":"category-alimentos-y-agroindustria"},"_links":{"self":[{"href":"https:\/\/jms.com.bo\/mediamonitor\/wp-json\/wp\/v2\/posts\/86500","targetHints":{"allow":["GET"]}}],"collection":[{"href":"https:\/\/jms.com.bo\/mediamonitor\/wp-json\/wp\/v2\/posts"}],"about":[{"href":"https:\/\/jms.com.bo\/mediamonitor\/wp-json\/wp\/v2\/types\/post"}],"author":[{"embeddable":true,"href":"https:\/\/jms.com.bo\/mediamonitor\/wp-json\/wp\/v2\/users\/1"}],"replies":[{"embeddable":true,"href":"https:\/\/jms.com.bo\/mediamonitor\/wp-json\/wp\/v2\/comments?post=86500"}],"version-history":[{"count":0,"href":"https:\/\/jms.com.bo\/mediamonitor\/wp-json\/wp\/v2\/posts\/86500\/revisions"}],"wp:featuredmedia":[{"embeddable":true,"href":"https:\/\/jms.com.bo\/mediamonitor\/wp-json\/wp\/v2\/media\/86501"}],"wp:attachment":[{"href":"https:\/\/jms.com.bo\/mediamonitor\/wp-json\/wp\/v2\/media?parent=86500"}],"wp:term":[{"taxonomy":"category","embeddable":true,"href":"https:\/\/jms.com.bo\/mediamonitor\/wp-json\/wp\/v2\/categories?post=86500"},{"taxonomy":"post_tag","embeddable":true,"href":"https:\/\/jms.com.bo\/mediamonitor\/wp-json\/wp\/v2\/tags?post=86500"}],"curies":[{"name":"wp","href":"https:\/\/api.w.org\/{rel}","templated":true}]}}