{"id":86502,"date":"2026-04-29T08:06:50","date_gmt":"2026-04-29T12:06:50","guid":{"rendered":"https:\/\/mediamonitorbo.com.bo\/?p=21280"},"modified":"2026-04-29T08:06:50","modified_gmt":"2026-04-29T12:06:50","slug":"ahora-la-madre-tierra-si-quiere-que-trabajemos-los-bolivianos-afirma-el-ministro-justiniano","status":"publish","type":"post","link":"https:\/\/jms.com.bo\/mediamonitor\/2026\/04\/29\/ahora-la-madre-tierra-si-quiere-que-trabajemos-los-bolivianos-afirma-el-ministro-justiniano\/","title":{"rendered":"\u00abAhora la Madre Tierra s\u00ed quiere que trabajemos los bolivianos\u00bb, afirma el ministro Justiniano"},"content":{"rendered":"<p style=\"text-align: justify\">El ministro de Desarrollo Productivo, Rural y Agua, \u00d3scar Mario Justiniano, resalt\u00f3 el cambio que se ha dado con el nuevo gobierno nacional. Afirm\u00f3 que \u00abahora la Madre Tierra s\u00ed quiere preservar, s\u00ed quiere conservar y s\u00ed quiere que trabajemos los bolivianos\u00bb.<\/p>\n<p style=\"text-align: justify\">Las declaraciones de la autoridad nacionales, se dieron en el marco de una entrevista cedida a ON-Otra noche con Sissi, a tiempo de inaugurar el Foro de Adaptaci\u00f3n y Mitigaci\u00f3n al Cambio Clim\u00e1tico, este martes en la capital cruce\u00f1a.<\/p>\n<p style=\"text-align: justify\">Si bien la autoridad destac\u00f3 la apertura del nuevo gobierno, tambi\u00e9n resalt\u00f3 que es necesario \u00abque el mundo tambi\u00e9n crea en Bolivia, a trav\u00e9s del marco normativo, que s\u00ed permitan que las distintas instancias internacionales conf\u00eden en lo que est\u00e1 pasando y lo que va a decir y lo que va a medir el pa\u00eds. Porque todo esto se genera a trav\u00e9s de mediciones, y las mediciones son claras y concretas\u00bb.<\/p>\n<p style=\"text-align: justify\">El ministro cuestion\u00f3 el discurso sobre la Pachamama o Madre Tierra que el gobierno anterior manejaba. \u00ab(&#8230;) no vamos a estar hablando de Madre Tierra, no vamos a estar hablando sobre Pachamama, pero a la vez tambi\u00e9n no estamos comprometidos con absolutamente nada de lo que el mundo est\u00e1 requiriendo para que podamos recibir recursos. Porque eso es lo que pas\u00f3. Le dec\u00edan que hay que cuidar que la Pachamama, que nuestra Madre Tierra, de que todo ese discurso que se ten\u00eda, pero a la vez tambi\u00e9n que se promov\u00eda miner\u00eda ilegal, avasallamientos, se promov\u00eda que haya deforestaci\u00f3n ilegal, extracci\u00f3n ilegal de madera. La ilegalidad en su conjunto destruyendo el medio ambiente\u00bb, dispar\u00f3.<\/p>\n<p style=\"text-align: justify\">Situaci\u00f3n que, a criterio de Justiniano, se contrapon\u00eda a lo que hac\u00edan ver hacia fuera. \u00ab(&#8230;) simplemente hablaba sobre Madre Tierra y Pachamama. Hoy por hoy, por supuesto que la Madre Tierra es importante, como el presidente lo dijo en una reuni\u00f3n con el presidente Lula. Ahora la Madre Tierra ha cambiado de opini\u00f3n\u00bb.<\/p>\n","protected":false},"excerpt":{"rendered":"<p>El ministro de Desarrollo Productivo, Rural y Agua, \u00d3scar Mario Justiniano, resalt\u00f3 el cambio que se ha dado con el nuevo gobierno nacional. Afirm\u00f3 que \u00abahora la Madre Tierra s\u00ed quiere preservar, s\u00ed quiere conservar y s\u00ed quiere que trabajemos los bolivianos\u00bb. Las declaraciones de la autoridad nacionales, se dieron en el marco de una [&hellip;]<\/p>\n","protected":false},"author":1,"featured_media":86503,"comment_status":"closed","ping_status":"open","sticky":false,"template":"","format":"standard","meta":{"footnotes":""},"categories":[57],"tags":[],"class_list":{"0":"post-86502","1":"post","2":"type-post","3":"status-publish","4":"format-standard","5":"has-post-thumbnail","7":"category-alimentos-y-agroindustria"},"_links":{"self":[{"href":"https:\/\/jms.com.bo\/mediamonitor\/wp-json\/wp\/v2\/posts\/86502","targetHints":{"allow":["GET"]}}],"collection":[{"href":"https:\/\/jms.com.bo\/mediamonitor\/wp-json\/wp\/v2\/posts"}],"about":[{"href":"https:\/\/jms.com.bo\/mediamonitor\/wp-json\/wp\/v2\/types\/post"}],"author":[{"embeddable":true,"href":"https:\/\/jms.com.bo\/mediamonitor\/wp-json\/wp\/v2\/users\/1"}],"replies":[{"embeddable":true,"href":"https:\/\/jms.com.bo\/mediamonitor\/wp-json\/wp\/v2\/comments?post=86502"}],"version-history":[{"count":0,"href":"https:\/\/jms.com.bo\/mediamonitor\/wp-json\/wp\/v2\/posts\/86502\/revisions"}],"wp:featuredmedia":[{"embeddable":true,"href":"https:\/\/jms.com.bo\/mediamonitor\/wp-json\/wp\/v2\/media\/86503"}],"wp:attachment":[{"href":"https:\/\/jms.com.bo\/mediamonitor\/wp-json\/wp\/v2\/media?parent=86502"}],"wp:term":[{"taxonomy":"category","embeddable":true,"href":"https:\/\/jms.com.bo\/mediamonitor\/wp-json\/wp\/v2\/categories?post=86502"},{"taxonomy":"post_tag","embeddable":true,"href":"https:\/\/jms.com.bo\/mediamonitor\/wp-json\/wp\/v2\/tags?post=86502"}],"curies":[{"name":"wp","href":"https:\/\/api.w.org\/{rel}","templated":true}]}}