{"id":86504,"date":"2026-04-29T08:09:41","date_gmt":"2026-04-29T12:09:41","guid":{"rendered":"https:\/\/mediamonitorbo.com.bo\/?p=21283"},"modified":"2026-04-29T08:09:41","modified_gmt":"2026-04-29T12:09:41","slug":"bolivia-recibira-certificacion-de-pais-libre-de-fiebre-porcina-y-podra-exportar","status":"publish","type":"post","link":"https:\/\/jms.com.bo\/mediamonitor\/2026\/04\/29\/bolivia-recibira-certificacion-de-pais-libre-de-fiebre-porcina-y-podra-exportar\/","title":{"rendered":"Bolivia recibir\u00e1 certificaci\u00f3n de pa\u00eds libre de fiebre porcina y podr\u00e1 exportar"},"content":{"rendered":"<p style=\"text-align: justify\">En mayo, la Organizaci\u00f3n Mundial de la Salud Animal (OMSA) entregar\u00e1 a Bolivia la certificaci\u00f3n de libre de fiebre porcina cl\u00e1sica, lo que habilitar\u00e1 al pa\u00eds para exportar carne de cerdo, inform\u00f3 este viernes Jorge M\u00e9ndez, presidente de la Asociaci\u00f3n Departamental de Porcinocultores de Santa Cruz (Adepor).<\/p>\n<p style=\"text-align: justify\">\u201cEn mayo en Paris vamos a recibir el certificado de libre de la fiebre porcina cl\u00e1sica, esta era la \u00fanica barrera que hab\u00eda para que podamos exportar carne de cerdo\u201d, dijo M\u00e9ndez en Bolivia Tv.<\/p>\n<p style=\"text-align: justify\">Asimismo, resalt\u00f3 que durante tres a\u00f1os consecutivos trabajaron junto a autoridades del Servicio Nacional de Sanidad Agropecuaria e Inocuidad Alimentaria (Senasag) para cumplir con los requisitos internacionales para obtener la certificaci\u00f3n.<\/p>\n<p style=\"text-align: justify\">En ese contexto, M\u00e9ndez resalt\u00f3 que el sector porcino cruce\u00f1o est\u00e1 listo para exportar y aportar \u201ccon divisas\u201d a la econom\u00eda del pa\u00eds.<\/p>\n<p style=\"text-align: justify\">En criterio del presidente de Adepor, la carne de cerdo puede convertirse en el tercer producto del agro en generar mayores ventas, despu\u00e9s de la soya y la carne bovina.<\/p>\n<p style=\"text-align: justify\">\u201cLa certificaci\u00f3n es permanente y nos obliga a las granjas de Santa Cruz a hacer m\u00e1s estrictos en los controles sanitarios\u201d, acot\u00f3.<\/p>\n<p style=\"text-align: justify\">Adem\u00e1s, dijo que el sector porcino cruce\u00f1o produce mensualmente m\u00e1s de 10.000 cabezas de cerdo y el mercado interno est\u00e1 garantizado.<\/p>\n<p style=\"text-align: justify\">\u201cSin crear desabastecimiento en el mercado interno podemos exportar al menos unas 1.000 toneladas de cerdo. Est\u00e1 bien para empezar\u201d, destac\u00f3.<\/p>\n<p style=\"text-align: justify\">Remarc\u00f3 tambi\u00e9n que junto al Senasag est\u00e1n buscando acuerdos con pa\u00edses como Per\u00fa para consolidar la venta legal del producto, pues actualmente esta prote\u00edna llega al pa\u00eds vecino v\u00eda contrabando.<\/p>\n","protected":false},"excerpt":{"rendered":"<p>En mayo, la Organizaci\u00f3n Mundial de la Salud Animal (OMSA) entregar\u00e1 a Bolivia la certificaci\u00f3n de libre de fiebre porcina cl\u00e1sica, lo que habilitar\u00e1 al pa\u00eds para exportar carne de cerdo, inform\u00f3 este viernes Jorge M\u00e9ndez, presidente de la Asociaci\u00f3n Departamental de Porcinocultores de Santa Cruz (Adepor). \u201cEn mayo en Paris vamos a recibir el [&hellip;]<\/p>\n","protected":false},"author":1,"featured_media":86505,"comment_status":"closed","ping_status":"open","sticky":false,"template":"","format":"standard","meta":{"footnotes":""},"categories":[57],"tags":[],"class_list":{"0":"post-86504","1":"post","2":"type-post","3":"status-publish","4":"format-standard","5":"has-post-thumbnail","7":"category-alimentos-y-agroindustria"},"_links":{"self":[{"href":"https:\/\/jms.com.bo\/mediamonitor\/wp-json\/wp\/v2\/posts\/86504","targetHints":{"allow":["GET"]}}],"collection":[{"href":"https:\/\/jms.com.bo\/mediamonitor\/wp-json\/wp\/v2\/posts"}],"about":[{"href":"https:\/\/jms.com.bo\/mediamonitor\/wp-json\/wp\/v2\/types\/post"}],"author":[{"embeddable":true,"href":"https:\/\/jms.com.bo\/mediamonitor\/wp-json\/wp\/v2\/users\/1"}],"replies":[{"embeddable":true,"href":"https:\/\/jms.com.bo\/mediamonitor\/wp-json\/wp\/v2\/comments?post=86504"}],"version-history":[{"count":0,"href":"https:\/\/jms.com.bo\/mediamonitor\/wp-json\/wp\/v2\/posts\/86504\/revisions"}],"wp:featuredmedia":[{"embeddable":true,"href":"https:\/\/jms.com.bo\/mediamonitor\/wp-json\/wp\/v2\/media\/86505"}],"wp:attachment":[{"href":"https:\/\/jms.com.bo\/mediamonitor\/wp-json\/wp\/v2\/media?parent=86504"}],"wp:term":[{"taxonomy":"category","embeddable":true,"href":"https:\/\/jms.com.bo\/mediamonitor\/wp-json\/wp\/v2\/categories?post=86504"},{"taxonomy":"post_tag","embeddable":true,"href":"https:\/\/jms.com.bo\/mediamonitor\/wp-json\/wp\/v2\/tags?post=86504"}],"curies":[{"name":"wp","href":"https:\/\/api.w.org\/{rel}","templated":true}]}}