{"id":86506,"date":"2026-04-29T08:11:11","date_gmt":"2026-04-29T12:11:11","guid":{"rendered":"https:\/\/mediamonitorbo.com.bo\/?p=21287"},"modified":"2026-04-29T08:11:11","modified_gmt":"2026-04-29T12:11:11","slug":"granizada-en-huajchilla-afecta-escuela-y-cultivos","status":"publish","type":"post","link":"https:\/\/jms.com.bo\/mediamonitor\/2026\/04\/29\/granizada-en-huajchilla-afecta-escuela-y-cultivos\/","title":{"rendered":"Granizada en Huajchilla afecta escuela y cultivos"},"content":{"rendered":"<p style=\"text-align: justify\">Una granizada caus\u00f3 la ca\u00edda del techo de una unidad educativa y afect\u00f3 a decenas de familias en la comunidad de Huajchilla, en el departamento de La Paz, donde se report\u00f3 la p\u00e9rdida de producci\u00f3n de hortalizas y flores.<\/p>\n<p style=\"text-align: justify\">El evento clim\u00e1tico se registr\u00f3 la tarde del lunes 27 de abril en el sector de R\u00edo Abajo del municipio de Mecapaca, considerada una de las zonas proveedoras de alimentos para la ciudad de La Paz.<\/p>\n<p style=\"text-align: justify\">El granizo cubri\u00f3 los cultivos de hortalizas y flores, generando p\u00e9rdidas para las familias productoras.<\/p>\n<p style=\"text-align: justify\">\u201cLas hojas fueron trituradas, los tallos quebrados y los sembrad\u00edos sepultados bajo capas de hielo. Lo que hasta esta ma\u00f1ana era el fruto de meses de trabajo, inversi\u00f3n y esperanza, ahora es un paisaje devastado\u201d, describieron sobre lo ocurrido desde la instituci\u00f3n Reforesta, una organizaci\u00f3n que trabaja junto a comunidades rurales en proyectos de restauraci\u00f3n ambiental y desarrollo productivo.<\/p>\n<p style=\"text-align: justify\">Asimismo, el techo del teatro de la Unidad Educativa Sagrada Familia colaps\u00f3 por el granizo y varias aulas se inundaron. Seg\u00fan reportes en redes sociales, estudiantes estuvieron ah\u00ed minutos antes deZ que la estructura se viniera abajo.<\/p>\n<p style=\"text-align: justify\">Los padres de familia expresaron su preocupaci\u00f3n por la seguridad de sus hijos y solicitaron la intervenci\u00f3n para la reparaci\u00f3n de los da\u00f1os; algunos se\u00f1alaron como causa de lo sucedido la falta de mantenimiento.<\/p>\n<p style=\"text-align: justify\">Las familias afectadas esperan el apoyo de las autoridades municipales, departamentales y nacionales. ABI y CORREO DEL SUR<\/p>\n","protected":false},"excerpt":{"rendered":"<p>Una granizada caus\u00f3 la ca\u00edda del techo de una unidad educativa y afect\u00f3 a decenas de familias en la comunidad de Huajchilla, en el departamento de La Paz, donde se report\u00f3 la p\u00e9rdida de producci\u00f3n de hortalizas y flores. El evento clim\u00e1tico se registr\u00f3 la tarde del lunes 27 de abril en el sector de [&hellip;]<\/p>\n","protected":false},"author":1,"featured_media":86507,"comment_status":"closed","ping_status":"open","sticky":false,"template":"","format":"standard","meta":{"footnotes":""},"categories":[49],"tags":[],"class_list":{"0":"post-86506","1":"post","2":"type-post","3":"status-publish","4":"format-standard","5":"has-post-thumbnail","7":"category-social"},"_links":{"self":[{"href":"https:\/\/jms.com.bo\/mediamonitor\/wp-json\/wp\/v2\/posts\/86506","targetHints":{"allow":["GET"]}}],"collection":[{"href":"https:\/\/jms.com.bo\/mediamonitor\/wp-json\/wp\/v2\/posts"}],"about":[{"href":"https:\/\/jms.com.bo\/mediamonitor\/wp-json\/wp\/v2\/types\/post"}],"author":[{"embeddable":true,"href":"https:\/\/jms.com.bo\/mediamonitor\/wp-json\/wp\/v2\/users\/1"}],"replies":[{"embeddable":true,"href":"https:\/\/jms.com.bo\/mediamonitor\/wp-json\/wp\/v2\/comments?post=86506"}],"version-history":[{"count":0,"href":"https:\/\/jms.com.bo\/mediamonitor\/wp-json\/wp\/v2\/posts\/86506\/revisions"}],"wp:featuredmedia":[{"embeddable":true,"href":"https:\/\/jms.com.bo\/mediamonitor\/wp-json\/wp\/v2\/media\/86507"}],"wp:attachment":[{"href":"https:\/\/jms.com.bo\/mediamonitor\/wp-json\/wp\/v2\/media?parent=86506"}],"wp:term":[{"taxonomy":"category","embeddable":true,"href":"https:\/\/jms.com.bo\/mediamonitor\/wp-json\/wp\/v2\/categories?post=86506"},{"taxonomy":"post_tag","embeddable":true,"href":"https:\/\/jms.com.bo\/mediamonitor\/wp-json\/wp\/v2\/tags?post=86506"}],"curies":[{"name":"wp","href":"https:\/\/api.w.org\/{rel}","templated":true}]}}