{"id":86508,"date":"2026-04-29T08:12:43","date_gmt":"2026-04-29T12:12:43","guid":{"rendered":"https:\/\/mediamonitorbo.com.bo\/?p=21290"},"modified":"2026-04-29T08:12:43","modified_gmt":"2026-04-29T12:12:43","slug":"maestros-inician-marcha-desde-calamarca","status":"publish","type":"post","link":"https:\/\/jms.com.bo\/mediamonitor\/2026\/04\/29\/maestros-inician-marcha-desde-calamarca\/","title":{"rendered":"Maestros inician marcha desde Calamarca"},"content":{"rendered":"<p style=\"text-align: justify\">La tarde del martes, la marcha del magisterio de Bolivia parti\u00f3 desde el municipio pace\u00f1o de Calamarca rumbo a la sede de Gobierno, en demanda de un incremento salarial y otras demandas y reivindicaciones.<\/p>\n<p style=\"text-align: justify\">\u201cHoy vamos a avanzar hasta la localidad de Vilaque, donde los comunarios nos est\u00e1n esperando para poder pernoctar y ma\u00f1ana continuar con la marcha\u201d, inform\u00f3 la profesora Silvia Claros.<\/p>\n<p style=\"text-align: justify\">La maestra, quien tambi\u00e9n es dirigente del magisterio urbano, se\u00f1al\u00f3 que otras delegaciones se sumar\u00e1n al final de la jornada en la localidad de Vilaque.<\/p>\n<p style=\"text-align: justify\">\u201cLas 31 federaciones est\u00e1n presentes; adem\u00e1s, faltan Pando y Potos\u00ed, mientras que La Paz se acoplar\u00e1 cuando estemos cerca\u201d, agreg\u00f3 la docente, al indicar que los dirigentes m\u00e1ximos sostuvieron una reuni\u00f3n con la Central Obrera Boliviana (COB).<\/p>\n<p style=\"text-align: justify\">El objetivo de los maestros es llegar a la ciudad de La Paz el viernes para sumarse al cabildo que la Central Obrera Boliviana (COB) organiza para el Primero de Mayo, D\u00eda del Trabajador.<\/p>\n<p style=\"text-align: justify\">Ante la demanda de los maestros, la ministra de Educaci\u00f3n, Elena Garc\u00eda de Ach\u00e1, inform\u00f3 que el Gobierno no est\u00e1 en condiciones econ\u00f3micas de establecer un incremento salarial para los maestros.<\/p>\n<p style=\"text-align: justify\">\u201cEl tema salarial es algo que no podemos dejar de reconocer en la situaci\u00f3n de nuestro pa\u00eds. La estabilidad econ\u00f3mica es nuestra prioridad y, en este momento, no estamos en condiciones de ofrecer un incremento salarial\u201d, dijo la ministra.<\/p>\n","protected":false},"excerpt":{"rendered":"<p>La tarde del martes, la marcha del magisterio de Bolivia parti\u00f3 desde el municipio pace\u00f1o de Calamarca rumbo a la sede de Gobierno, en demanda de un incremento salarial y otras demandas y reivindicaciones. \u201cHoy vamos a avanzar hasta la localidad de Vilaque, donde los comunarios nos est\u00e1n esperando para poder pernoctar y ma\u00f1ana continuar [&hellip;]<\/p>\n","protected":false},"author":1,"featured_media":86509,"comment_status":"closed","ping_status":"open","sticky":false,"template":"","format":"standard","meta":{"footnotes":""},"categories":[49],"tags":[],"class_list":{"0":"post-86508","1":"post","2":"type-post","3":"status-publish","4":"format-standard","5":"has-post-thumbnail","7":"category-social"},"_links":{"self":[{"href":"https:\/\/jms.com.bo\/mediamonitor\/wp-json\/wp\/v2\/posts\/86508","targetHints":{"allow":["GET"]}}],"collection":[{"href":"https:\/\/jms.com.bo\/mediamonitor\/wp-json\/wp\/v2\/posts"}],"about":[{"href":"https:\/\/jms.com.bo\/mediamonitor\/wp-json\/wp\/v2\/types\/post"}],"author":[{"embeddable":true,"href":"https:\/\/jms.com.bo\/mediamonitor\/wp-json\/wp\/v2\/users\/1"}],"replies":[{"embeddable":true,"href":"https:\/\/jms.com.bo\/mediamonitor\/wp-json\/wp\/v2\/comments?post=86508"}],"version-history":[{"count":0,"href":"https:\/\/jms.com.bo\/mediamonitor\/wp-json\/wp\/v2\/posts\/86508\/revisions"}],"wp:featuredmedia":[{"embeddable":true,"href":"https:\/\/jms.com.bo\/mediamonitor\/wp-json\/wp\/v2\/media\/86509"}],"wp:attachment":[{"href":"https:\/\/jms.com.bo\/mediamonitor\/wp-json\/wp\/v2\/media?parent=86508"}],"wp:term":[{"taxonomy":"category","embeddable":true,"href":"https:\/\/jms.com.bo\/mediamonitor\/wp-json\/wp\/v2\/categories?post=86508"},{"taxonomy":"post_tag","embeddable":true,"href":"https:\/\/jms.com.bo\/mediamonitor\/wp-json\/wp\/v2\/tags?post=86508"}],"curies":[{"name":"wp","href":"https:\/\/api.w.org\/{rel}","templated":true}]}}