{"id":86510,"date":"2026-04-29T08:14:08","date_gmt":"2026-04-29T12:14:08","guid":{"rendered":"https:\/\/mediamonitorbo.com.bo\/?p=21293"},"modified":"2026-04-29T08:14:08","modified_gmt":"2026-04-29T12:14:08","slug":"medicos-de-cns-paran-este-miercoles-a-nivel-nacional","status":"publish","type":"post","link":"https:\/\/jms.com.bo\/mediamonitor\/2026\/04\/29\/medicos-de-cns-paran-este-miercoles-a-nivel-nacional\/","title":{"rendered":"M\u00e9dicos de CNS paran este mi\u00e9rcoles a nivel nacional"},"content":{"rendered":"<p style=\"text-align: justify\">M\u00e9dicos de la Federaci\u00f3n de Sindicatos M\u00e9dicos y Ramas Afines de la Seguridad Social (Fesimras) cumplen este mi\u00e9rcoles un paro nacional de 24 horas en la Caja Nacional de Salud (CNS); la atenci\u00f3n se limita al servicio de emergencias.<\/p>\n<p style=\"text-align: justify\">Seg\u00fan el comunicado de la federaci\u00f3n, la medida responde a la demanda de medicamentos, insumos m\u00e9dicos y de laboratorio; las filas de pacientes en espera de atenci\u00f3n; la burocracia en los servicios de salud; la mala y deficiente gesti\u00f3n administrativa a nivel nacional y regional; y la falta de profesionales especialistas.<\/p>\n<p style=\"text-align: justify\">\u201cExigimos la destituci\u00f3n inmediata de los administradores regionales de Cochabamba, Santa Cruz y de todas las regionales con mala atenci\u00f3n administrativa, que repercute en la adecuada atenci\u00f3n de nuestros pacientes\u201d, agrega.<\/p>\n<p style=\"text-align: justify\">La atenci\u00f3n de servicios se retomar\u00e1 el jueves 30 de abril.<\/p>\n<p style=\"text-align: justify\">La Paz<\/p>\n<p style=\"text-align: justify\">El secretario ejecutivo del Fesimras La Paz Arturo del Barco lament\u00f3 que se haya tenido que llegar a un paro para poder ser escuchados, pero lament\u00f3 que no haya medicamentos.<\/p>\n<p style=\"text-align: justify\">\u201cLamentablemente no hay medicamentos, lo que ellos requieren no hay. Probablemente los administradores digan que hay paracetamol e ibuprofeno, pero los medicamentos de los pacientes de la tercera edad con m\u00faltiples patolog\u00edas requieren, no lo hay\u201d, afirm\u00f3.<\/p>\n<p style=\"text-align: justify\">La ma\u00f1ana de este mi\u00e9rcoles, en el Policl\u00ednico 9 de Abril, ubicado en la avenida 6 de Agosto, se evidenci\u00f3 la suspensi\u00f3n de la atenci\u00f3n en especialidades, seg\u00fan un reporte de Red Uno.<\/p>\n<p style=\"text-align: justify\">\u201cNos sorprenden, yo llegu\u00e9 a las 5:30 y reci\u00e9n me entero que hay paro. Est\u00e1n perjudicando a la gente humilde, sobre todo a la tercera edad\u201d, manifest\u00f3 un paciente afectado.<\/p>\n<p style=\"text-align: justify\">Cochabamba<\/p>\n<p style=\"text-align: justify\">En Cochabamba, el secretario ejecutivo del Simra de Cochabamba Elio Rojas indic\u00f3 que la suspensi\u00f3n del servicio ser\u00e1 en todas las regiones.<\/p>\n<p style=\"text-align: justify\">\u201cEstamos con una no adecuada dotaci\u00f3n de medicamentos, hay falta de insumos, hay falta de reactivos, hay falta de dotaci\u00f3n de personal, lamentablemente a nivel regional (Cochabamba) no hemos avanzado en ning\u00fan sentido con la institucionalizaci\u00f3n de los cargos de base\u201d, asegur\u00f3 Rojas.<\/p>\n<p style=\"text-align: justify\">Oruro<\/p>\n<p style=\"text-align: justify\">En Oruro tambi\u00e9n se acatar\u00e1 la medida y solo se atender\u00e1 a servicios cr\u00edticos y cirug\u00edas programadas para esta jornada.<\/p>\n<p style=\"text-align: justify\">Ante esta situaci\u00f3n, el administrador regional de la CNS, Wilder Candia, inform\u00f3 que, si bien la medida responde a un derecho sindical, la instituci\u00f3n refuerza las unidades de emergencia con personal a contrato para prevenir la saturaci\u00f3n de los hospitales.<\/p>\n<p style=\"text-align: justify\">\u201cSe est\u00e1 reforzando la atenci\u00f3n en emergencias en todos nuestros establecimientos para garantizar que los pacientes sean atendidos debidamente\u201d, sostuvo Candia, seg\u00fan el medio La Patria.<\/p>\n","protected":false},"excerpt":{"rendered":"<p>M\u00e9dicos de la Federaci\u00f3n de Sindicatos M\u00e9dicos y Ramas Afines de la Seguridad Social (Fesimras) cumplen este mi\u00e9rcoles un paro nacional de 24 horas en la Caja Nacional de Salud (CNS); la atenci\u00f3n se limita al servicio de emergencias. Seg\u00fan el comunicado de la federaci\u00f3n, la medida responde a la demanda de medicamentos, insumos m\u00e9dicos [&hellip;]<\/p>\n","protected":false},"author":1,"featured_media":86511,"comment_status":"closed","ping_status":"open","sticky":false,"template":"","format":"standard","meta":{"footnotes":""},"categories":[49],"tags":[],"class_list":{"0":"post-86510","1":"post","2":"type-post","3":"status-publish","4":"format-standard","5":"has-post-thumbnail","7":"category-social"},"_links":{"self":[{"href":"https:\/\/jms.com.bo\/mediamonitor\/wp-json\/wp\/v2\/posts\/86510","targetHints":{"allow":["GET"]}}],"collection":[{"href":"https:\/\/jms.com.bo\/mediamonitor\/wp-json\/wp\/v2\/posts"}],"about":[{"href":"https:\/\/jms.com.bo\/mediamonitor\/wp-json\/wp\/v2\/types\/post"}],"author":[{"embeddable":true,"href":"https:\/\/jms.com.bo\/mediamonitor\/wp-json\/wp\/v2\/users\/1"}],"replies":[{"embeddable":true,"href":"https:\/\/jms.com.bo\/mediamonitor\/wp-json\/wp\/v2\/comments?post=86510"}],"version-history":[{"count":0,"href":"https:\/\/jms.com.bo\/mediamonitor\/wp-json\/wp\/v2\/posts\/86510\/revisions"}],"wp:featuredmedia":[{"embeddable":true,"href":"https:\/\/jms.com.bo\/mediamonitor\/wp-json\/wp\/v2\/media\/86511"}],"wp:attachment":[{"href":"https:\/\/jms.com.bo\/mediamonitor\/wp-json\/wp\/v2\/media?parent=86510"}],"wp:term":[{"taxonomy":"category","embeddable":true,"href":"https:\/\/jms.com.bo\/mediamonitor\/wp-json\/wp\/v2\/categories?post=86510"},{"taxonomy":"post_tag","embeddable":true,"href":"https:\/\/jms.com.bo\/mediamonitor\/wp-json\/wp\/v2\/tags?post=86510"}],"curies":[{"name":"wp","href":"https:\/\/api.w.org\/{rel}","templated":true}]}}