{"id":86512,"date":"2026-04-29T08:15:31","date_gmt":"2026-04-29T12:15:31","guid":{"rendered":"https:\/\/mediamonitorbo.com.bo\/?p=21296"},"modified":"2026-04-29T08:15:31","modified_gmt":"2026-04-29T12:15:31","slug":"gobierno-no-respondera-al-pliego-de-la-cob-antes-de-1o-de-mayo","status":"publish","type":"post","link":"https:\/\/jms.com.bo\/mediamonitor\/2026\/04\/29\/gobierno-no-respondera-al-pliego-de-la-cob-antes-de-1o-de-mayo\/","title":{"rendered":"Gobierno no responder\u00e1 al pliego de la COB antes de 1\u00ba de mayo"},"content":{"rendered":"<p style=\"text-align: justify\">El Gobierno no dar\u00e1 respuesta al pliego petitorio presentado por la Central Obrera Boliviana (COB) ni a la demanda de incremento salarial antes del 1 de mayo y plantea instalar mesas t\u00e9cnicas a partir del 4 de mayo, con la participaci\u00f3n de distintos sectores de la econom\u00eda, anunci\u00f3 este martes el ministro de Econom\u00eda, Jos\u00e9 Gabriel Espinoza.<\/p>\n<p style=\"text-align: justify\">\u201cLo que nosotros hemos planteado a la COB es una agenda de trabajo. No vamos a responder a un pliego petitorio, vamos a plantear una agenda de trabajo. Y esa agenda de trabajo tiene que tener un objetivo muy claro, que es mejorar las condiciones laborales para todos los bolivianos\u201d, explic\u00f3.<\/p>\n<p style=\"text-align: justify\">El planteamiento oficial incluye la incorporaci\u00f3n de actores como profesionales independientes, trabajadores por cuenta propia, transportistas, el sector informal y empresarios, con el objetivo de analizar de forma amplia la situaci\u00f3n laboral del pa\u00eds.<\/p>\n<p style=\"text-align: justify\">Seg\u00fan Espinoza, la intenci\u00f3n es construir propuestas que beneficien a todos los sectores y no \u00fanicamente a quienes cuentan con empleo formal.<\/p>\n<p style=\"text-align: justify\">\u201cLa propuesta con la COB\u2026 es que a partir del 4 de mayo nos sentemos en mesas t\u00e9cnicas, vivienda, salud, educaci\u00f3n, infraestructura y tambi\u00e9n una mesa econ\u00f3mica que sea permanente. Y ah\u00ed discutimos con ellos\u201d, precis\u00f3.<\/p>\n<p style=\"text-align: justify\">Enfoque racional<\/p>\n<p style=\"text-align: justify\">El ministro consider\u00f3 que la postura del Ejecutivo responde a un enfoque \u201cracional\u201d, al advertir que tratar \u00fanicamente el incremento salarial \u201cde manera ciega\u201d abre interrogantes sobre la sostenibilidad financiera. \u201cLa plata no se fabrica\u201d, enfatiz\u00f3.<\/p>\n<p style=\"text-align: justify\">En ese sentido, cuestion\u00f3 de d\u00f3nde podr\u00edan obtenerse los recursos para cubrir un aumento del 20%, planteando escenarios como recortes en \u00e1reas clave o incrementos impositivos. \u201cSi quieren incremento salarial, la pregunta para ellos es, \u00bfa qui\u00e9n le quito? \u00bfLe quito a salud y educaci\u00f3n? \u00bfSubo impuestos?\u201d, expres\u00f3.<\/p>\n<p style=\"text-align: justify\">Finalmente, Espinoza alert\u00f3 que un ajuste salarial podr\u00eda afectar negativamente a trabajadores que no cuentan con seguridad social ni beneficios laborales, quienes \u2013seg\u00fan dijo\u2013 quedar\u00edan a\u00fan m\u00e1s vulnerables. \u201cA ellos les complicamos m\u00e1s todav\u00eda la vida, los precarizamos m\u00e1s todav\u00eda\u201d, concluy\u00f3.<\/p>\n","protected":false},"excerpt":{"rendered":"<p>El Gobierno no dar\u00e1 respuesta al pliego petitorio presentado por la Central Obrera Boliviana (COB) ni a la demanda de incremento salarial antes del 1 de mayo y plantea instalar mesas t\u00e9cnicas a partir del 4 de mayo, con la participaci\u00f3n de distintos sectores de la econom\u00eda, anunci\u00f3 este martes el ministro de Econom\u00eda, Jos\u00e9 [&hellip;]<\/p>\n","protected":false},"author":1,"featured_media":86513,"comment_status":"closed","ping_status":"open","sticky":false,"template":"","format":"standard","meta":{"footnotes":""},"categories":[20],"tags":[],"class_list":{"0":"post-86512","1":"post","2":"type-post","3":"status-publish","4":"format-standard","5":"has-post-thumbnail","7":"category-actualidad"},"_links":{"self":[{"href":"https:\/\/jms.com.bo\/mediamonitor\/wp-json\/wp\/v2\/posts\/86512","targetHints":{"allow":["GET"]}}],"collection":[{"href":"https:\/\/jms.com.bo\/mediamonitor\/wp-json\/wp\/v2\/posts"}],"about":[{"href":"https:\/\/jms.com.bo\/mediamonitor\/wp-json\/wp\/v2\/types\/post"}],"author":[{"embeddable":true,"href":"https:\/\/jms.com.bo\/mediamonitor\/wp-json\/wp\/v2\/users\/1"}],"replies":[{"embeddable":true,"href":"https:\/\/jms.com.bo\/mediamonitor\/wp-json\/wp\/v2\/comments?post=86512"}],"version-history":[{"count":0,"href":"https:\/\/jms.com.bo\/mediamonitor\/wp-json\/wp\/v2\/posts\/86512\/revisions"}],"wp:featuredmedia":[{"embeddable":true,"href":"https:\/\/jms.com.bo\/mediamonitor\/wp-json\/wp\/v2\/media\/86513"}],"wp:attachment":[{"href":"https:\/\/jms.com.bo\/mediamonitor\/wp-json\/wp\/v2\/media?parent=86512"}],"wp:term":[{"taxonomy":"category","embeddable":true,"href":"https:\/\/jms.com.bo\/mediamonitor\/wp-json\/wp\/v2\/categories?post=86512"},{"taxonomy":"post_tag","embeddable":true,"href":"https:\/\/jms.com.bo\/mediamonitor\/wp-json\/wp\/v2\/tags?post=86512"}],"curies":[{"name":"wp","href":"https:\/\/api.w.org\/{rel}","templated":true}]}}