{"id":86516,"date":"2026-04-29T08:20:21","date_gmt":"2026-04-29T12:20:21","guid":{"rendered":"https:\/\/mediamonitorbo.com.bo\/?p=21302"},"modified":"2026-04-29T08:20:21","modified_gmt":"2026-04-29T12:20:21","slug":"la-empresa-mutun-demanda-a-luis-arce-por-danos-economicos-al-estado","status":"publish","type":"post","link":"https:\/\/jms.com.bo\/mediamonitor\/2026\/04\/29\/la-empresa-mutun-demanda-a-luis-arce-por-danos-economicos-al-estado\/","title":{"rendered":"La Empresa Mut\u00fan demanda a Luis Arce por da\u00f1os econ\u00f3micos al Estado"},"content":{"rendered":"<p style=\"text-align: justify\">El gerente de la Empresa Sider\u00fargica del Mut\u00fan (ESM), \u00c1lvaro Tejerina, inform\u00f3 que se ha formalizado la querella penal contra el expresidente Luis Arce por el da\u00f1o econ\u00f3mico al Estado generado por irregularidades con el proyecto sider\u00fargico en el departamento de Santa Cruz.<\/p>\n<p style=\"text-align: justify\">En febrero pasado, la ESM denunci\u00f3 a exfuncionarios de la estatal, pero ahora ampli\u00f3 el caso contra Arce y directivos de las empresas relacionadas con el proyecto del Mut\u00fan.<\/p>\n<p style=\"text-align: justify\">\u201cEl d\u00eda de ayer ya fundamentamos e ingresamos nuestra memorial para tambi\u00e9n ampliar la querella hacia el expresidente Luis Arce Catacora, porque el 24 de febrero del a\u00f1o pasado estaba inaugurando supuestamente la planta con bombos y platillos, generando un gasto econ\u00f3mico al Estado, generando una complicidad de esa supuesta inauguraci\u00f3n\u201d, dijo Tejerina en La Ma\u00f1ana en Directo de ERBOL.<\/p>\n<p style=\"text-align: justify\">Se\u00f1al\u00f3 que tambi\u00e9n se ha denunciado a altos directivos de la empresa china Sinosteel que fue contratada para el proyecto y de la empresa supervisora que tambi\u00e9n es de nacionalidad china.<\/p>\n<p style=\"text-align: justify\">Arce inaugur\u00f3 el Complejo Sider\u00fargico del Mut\u00fan en febrero del a\u00f1o pasado, sin embargo, Tejerina asegur\u00f3 que se apersonaron a la planta y no est\u00e1 funcionando y ni siquiera la obra fue concluida.<\/p>\n<p style=\"text-align: justify\">Denunci\u00f3 que en la anterior gesti\u00f3n se hicieron contratos modificatorios de manera ilegal para salvar las observaciones.<\/p>\n<p style=\"text-align: justify\">El gerente explic\u00f3 que el contrato era llave en mano y que se hab\u00edan suscrito actas de recepci\u00f3n definitiva, pero en realidad faltaban una infinidad de obras, como la barda, un laboratorio, un b\u00fanker para el material radiactivo, ni el dique de colas, adem\u00e1s que ni siquiera se tom\u00f3 en cuenta el yacimiento en el dise\u00f1o.<\/p>\n<p style=\"text-align: justify\">\u201cSi usted va a dise\u00f1ar una sider\u00fargica, \u00bfc\u00f3mo no va a tomar en cuenta el yacimiento? El yacimiento Mut\u00fan, donde est\u00e1 nuestro mineral, no ha sido tomado en cuenta en el dise\u00f1o. No tenemos una certificaci\u00f3n de los vol\u00famenes de producci\u00f3n, no tenemos una certificaci\u00f3n de cu\u00e1nto mineral tenemos ah\u00ed. No existe eso en el proyecto. Entonces, desde ah\u00ed estamos partiendo mal, la etapa uno no se cumpli\u00f3\u201d, sentenci\u00f3.<\/p>\n<p style=\"text-align: justify\">En ese marco, es que la ESM trabajo en la intenci\u00f3n de resoluci\u00f3n de contrato con la empresa china.<\/p>\n","protected":false},"excerpt":{"rendered":"<p>El gerente de la Empresa Sider\u00fargica del Mut\u00fan (ESM), \u00c1lvaro Tejerina, inform\u00f3 que se ha formalizado la querella penal contra el expresidente Luis Arce por el da\u00f1o econ\u00f3mico al Estado generado por irregularidades con el proyecto sider\u00fargico en el departamento de Santa Cruz. En febrero pasado, la ESM denunci\u00f3 a exfuncionarios de la estatal, pero [&hellip;]<\/p>\n","protected":false},"author":1,"featured_media":86517,"comment_status":"closed","ping_status":"open","sticky":false,"template":"","format":"standard","meta":{"footnotes":""},"categories":[20,47,48],"tags":[],"class_list":{"0":"post-86516","1":"post","2":"type-post","3":"status-publish","4":"format-standard","5":"has-post-thumbnail","7":"category-actualidad","8":"category-portada-actualidad","9":"category-portada-general-sitio"},"_links":{"self":[{"href":"https:\/\/jms.com.bo\/mediamonitor\/wp-json\/wp\/v2\/posts\/86516","targetHints":{"allow":["GET"]}}],"collection":[{"href":"https:\/\/jms.com.bo\/mediamonitor\/wp-json\/wp\/v2\/posts"}],"about":[{"href":"https:\/\/jms.com.bo\/mediamonitor\/wp-json\/wp\/v2\/types\/post"}],"author":[{"embeddable":true,"href":"https:\/\/jms.com.bo\/mediamonitor\/wp-json\/wp\/v2\/users\/1"}],"replies":[{"embeddable":true,"href":"https:\/\/jms.com.bo\/mediamonitor\/wp-json\/wp\/v2\/comments?post=86516"}],"version-history":[{"count":0,"href":"https:\/\/jms.com.bo\/mediamonitor\/wp-json\/wp\/v2\/posts\/86516\/revisions"}],"wp:featuredmedia":[{"embeddable":true,"href":"https:\/\/jms.com.bo\/mediamonitor\/wp-json\/wp\/v2\/media\/86517"}],"wp:attachment":[{"href":"https:\/\/jms.com.bo\/mediamonitor\/wp-json\/wp\/v2\/media?parent=86516"}],"wp:term":[{"taxonomy":"category","embeddable":true,"href":"https:\/\/jms.com.bo\/mediamonitor\/wp-json\/wp\/v2\/categories?post=86516"},{"taxonomy":"post_tag","embeddable":true,"href":"https:\/\/jms.com.bo\/mediamonitor\/wp-json\/wp\/v2\/tags?post=86516"}],"curies":[{"name":"wp","href":"https:\/\/api.w.org\/{rel}","templated":true}]}}