{"id":86518,"date":"2026-04-29T08:21:54","date_gmt":"2026-04-29T12:21:54","guid":{"rendered":"https:\/\/mediamonitorbo.com.bo\/?p=21305"},"modified":"2026-04-29T08:21:54","modified_gmt":"2026-04-29T12:21:54","slug":"jose-luis-galvez-es-designado-nuevo-vocero-oficial-de-la-presidencia-de-rodrigo-paz","status":"publish","type":"post","link":"https:\/\/jms.com.bo\/mediamonitor\/2026\/04\/29\/jose-luis-galvez-es-designado-nuevo-vocero-oficial-de-la-presidencia-de-rodrigo-paz\/","title":{"rendered":"Jos\u00e9 Luis G\u00e1lvez es designado nuevo vocero oficial de la Presidencia de Rodrigo Paz"},"content":{"rendered":"<p style=\"text-align: justify\">La Oficina del Presidente inform\u00f3 este martes la designaci\u00f3n de Jos\u00e9 Luis G\u00e1lvez como nuevo vocero oficial del presidente Rodrigo Paz Pereira. El anuncio fue realizado a trav\u00e9s de un comunicado de prensa.<\/p>\n<p style=\"text-align: justify\">G\u00e1lvez asumir\u00e1 la responsabilidad de la comunicaci\u00f3n oficial de la Presidencia, adem\u00e1s de la relaci\u00f3n con los medios de comunicaci\u00f3n y la difusi\u00f3n de informaci\u00f3n institucional en el marco de la l\u00ednea comunicacional del Gobierno, seg\u00fan el comunicado de prensa.<\/p>\n<p style=\"text-align: justify\">La designaci\u00f3n entra en vigencia de manera inmediata, se\u00f1ala el comunicado emitido este 28 de abril de 2026.<\/p>\n<p style=\"text-align: justify\">Asimismo, la Oficina del Presidente reafirm\u00f3 su compromiso con una comunicaci\u00f3n \u201cclara, oportuna y responsable\u201d dirigida a la ciudadan\u00eda.<\/p>\n<p style=\"text-align: justify\">G\u00e1lvez es reconocido por su trabajo en estudios de mercado y planificaci\u00f3n de encuestas. Cuenta con una vasta experiencia en el \u00e1rea, adem\u00e1s de haber trabajado en las mejores empresas del pa\u00eds en este rubro, seg\u00fan inform\u00f3 el diario El Deber.<\/p>\n<p style=\"text-align: justify\">La \u00faltima en ocupar este cargo fue Carla Faval, quien renunci\u00f3 el pasado 17 de marzo. Su \u00faltima intervenci\u00f3n sobre las relaciones diplom\u00e1ticas con Chile fue duramente criticada por sectores pol\u00edticos, aunque la ahora exvocera explic\u00f3, tambi\u00e9n mediante un comunicado, que se trat\u00f3 de un error.<\/p>\n","protected":false},"excerpt":{"rendered":"<p>La Oficina del Presidente inform\u00f3 este martes la designaci\u00f3n de Jos\u00e9 Luis G\u00e1lvez como nuevo vocero oficial del presidente Rodrigo Paz Pereira. El anuncio fue realizado a trav\u00e9s de un comunicado de prensa. G\u00e1lvez asumir\u00e1 la responsabilidad de la comunicaci\u00f3n oficial de la Presidencia, adem\u00e1s de la relaci\u00f3n con los medios de comunicaci\u00f3n y la [&hellip;]<\/p>\n","protected":false},"author":1,"featured_media":86519,"comment_status":"closed","ping_status":"open","sticky":false,"template":"","format":"standard","meta":{"footnotes":""},"categories":[18],"tags":[],"class_list":{"0":"post-86518","1":"post","2":"type-post","3":"status-publish","4":"format-standard","5":"has-post-thumbnail","7":"category-politica"},"_links":{"self":[{"href":"https:\/\/jms.com.bo\/mediamonitor\/wp-json\/wp\/v2\/posts\/86518","targetHints":{"allow":["GET"]}}],"collection":[{"href":"https:\/\/jms.com.bo\/mediamonitor\/wp-json\/wp\/v2\/posts"}],"about":[{"href":"https:\/\/jms.com.bo\/mediamonitor\/wp-json\/wp\/v2\/types\/post"}],"author":[{"embeddable":true,"href":"https:\/\/jms.com.bo\/mediamonitor\/wp-json\/wp\/v2\/users\/1"}],"replies":[{"embeddable":true,"href":"https:\/\/jms.com.bo\/mediamonitor\/wp-json\/wp\/v2\/comments?post=86518"}],"version-history":[{"count":0,"href":"https:\/\/jms.com.bo\/mediamonitor\/wp-json\/wp\/v2\/posts\/86518\/revisions"}],"wp:featuredmedia":[{"embeddable":true,"href":"https:\/\/jms.com.bo\/mediamonitor\/wp-json\/wp\/v2\/media\/86519"}],"wp:attachment":[{"href":"https:\/\/jms.com.bo\/mediamonitor\/wp-json\/wp\/v2\/media?parent=86518"}],"wp:term":[{"taxonomy":"category","embeddable":true,"href":"https:\/\/jms.com.bo\/mediamonitor\/wp-json\/wp\/v2\/categories?post=86518"},{"taxonomy":"post_tag","embeddable":true,"href":"https:\/\/jms.com.bo\/mediamonitor\/wp-json\/wp\/v2\/tags?post=86518"}],"curies":[{"name":"wp","href":"https:\/\/api.w.org\/{rel}","templated":true}]}}