{"id":86520,"date":"2026-04-29T08:23:08","date_gmt":"2026-04-29T12:23:08","guid":{"rendered":"https:\/\/mediamonitorbo.com.bo\/?p=21308"},"modified":"2026-04-29T08:23:08","modified_gmt":"2026-04-29T12:23:08","slug":"lara-convoca-a-interpelacion-contra-marcelo-blanco","status":"publish","type":"post","link":"https:\/\/jms.com.bo\/mediamonitor\/2026\/04\/29\/lara-convoca-a-interpelacion-contra-marcelo-blanco\/","title":{"rendered":"Lara convoca a interpelaci\u00f3n contra Marcelo Blanco"},"content":{"rendered":"<p style=\"text-align: justify\">El vicepresidente del Estado y presidente de la Asamblea, Edmand Lara, convoc\u00f3 a una sesi\u00f3n de interpelaci\u00f3n para este jueves 30 de abril contra el ministro de Hidrocarburos y Energ\u00edas, por la comercializaci\u00f3n de la gasolina de mala calidad.<\/p>\n<p style=\"text-align: justify\">La interpelaci\u00f3n, en un principio, estaba dirigida contra Mauricio Medinaceli, sin embargo, recientemente el mismo dej\u00f3 el cargo, por lo cual el nuevo ministro es Marcelo Blanco.<\/p>\n<p style=\"text-align: justify\">Seg\u00fan la convocatoria emitida este martes, la interpelaci\u00f3n est\u00e1 pautada para las nueve de la ma\u00f1ana del jueves en el hemiciclo de la Asamblea Legislativa.<\/p>\n<p style=\"text-align: justify\">Se realizar\u00e1 en un contexto donde se mantienen los reclamos por la distribuci\u00f3n de combustible de mala calidad, pero adem\u00e1s se han registrado filas para conseguir di\u00e9sel en distintas partes del territorio boliviano.<\/p>\n","protected":false},"excerpt":{"rendered":"<p>El vicepresidente del Estado y presidente de la Asamblea, Edmand Lara, convoc\u00f3 a una sesi\u00f3n de interpelaci\u00f3n para este jueves 30 de abril contra el ministro de Hidrocarburos y Energ\u00edas, por la comercializaci\u00f3n de la gasolina de mala calidad. La interpelaci\u00f3n, en un principio, estaba dirigida contra Mauricio Medinaceli, sin embargo, recientemente el mismo dej\u00f3 [&hellip;]<\/p>\n","protected":false},"author":1,"featured_media":86521,"comment_status":"closed","ping_status":"open","sticky":false,"template":"","format":"standard","meta":{"footnotes":""},"categories":[18],"tags":[],"class_list":{"0":"post-86520","1":"post","2":"type-post","3":"status-publish","4":"format-standard","5":"has-post-thumbnail","7":"category-politica"},"_links":{"self":[{"href":"https:\/\/jms.com.bo\/mediamonitor\/wp-json\/wp\/v2\/posts\/86520","targetHints":{"allow":["GET"]}}],"collection":[{"href":"https:\/\/jms.com.bo\/mediamonitor\/wp-json\/wp\/v2\/posts"}],"about":[{"href":"https:\/\/jms.com.bo\/mediamonitor\/wp-json\/wp\/v2\/types\/post"}],"author":[{"embeddable":true,"href":"https:\/\/jms.com.bo\/mediamonitor\/wp-json\/wp\/v2\/users\/1"}],"replies":[{"embeddable":true,"href":"https:\/\/jms.com.bo\/mediamonitor\/wp-json\/wp\/v2\/comments?post=86520"}],"version-history":[{"count":0,"href":"https:\/\/jms.com.bo\/mediamonitor\/wp-json\/wp\/v2\/posts\/86520\/revisions"}],"wp:featuredmedia":[{"embeddable":true,"href":"https:\/\/jms.com.bo\/mediamonitor\/wp-json\/wp\/v2\/media\/86521"}],"wp:attachment":[{"href":"https:\/\/jms.com.bo\/mediamonitor\/wp-json\/wp\/v2\/media?parent=86520"}],"wp:term":[{"taxonomy":"category","embeddable":true,"href":"https:\/\/jms.com.bo\/mediamonitor\/wp-json\/wp\/v2\/categories?post=86520"},{"taxonomy":"post_tag","embeddable":true,"href":"https:\/\/jms.com.bo\/mediamonitor\/wp-json\/wp\/v2\/tags?post=86520"}],"curies":[{"name":"wp","href":"https:\/\/api.w.org\/{rel}","templated":true}]}}