{"id":86522,"date":"2026-04-29T08:24:40","date_gmt":"2026-04-29T12:24:40","guid":{"rendered":"https:\/\/mediamonitorbo.com.bo\/?p=21311"},"modified":"2026-04-29T08:24:40","modified_gmt":"2026-04-29T12:24:40","slug":"autoridades-electas-reciben-credenciales-de-cara-a-su-posesion","status":"publish","type":"post","link":"https:\/\/jms.com.bo\/mediamonitor\/2026\/04\/29\/autoridades-electas-reciben-credenciales-de-cara-a-su-posesion\/","title":{"rendered":"Autoridades electas reciben credenciales de cara a su posesi\u00f3n"},"content":{"rendered":"<p style=\"text-align: justify\">Un total de 410 autoridades electas de Chuquisaca recibieron este martes en Sucre sus credenciales, en un acto con el que se cerr\u00f3 formalmente el calendario electoral de las subnacionales 2026 rumbo a la asunci\u00f3n de alcaldes, gobernadores, concejales y asamble\u00edstas departamentales el pr\u00f3ximo lunes 4 de mayo. La ceremonia tuvo lugar en el Centro Internacional de Convenciones y Cultura (CICC), ubicado en la zona del Castillo de La Glorieta, adonde acudieron los nuevos representantes de los 28 municipios y la Gobernaci\u00f3n.<\/p>\n<p style=\"text-align: justify\">El presidente del Tribunal Electoral Departamental (TED) de Chuquisaca, Favio Chacolla, inaugur\u00f3 la entrega de los documentos. Durante su discurso, destac\u00f3 que el respaldo de los votantes hacia cada una de las autoridades electas conlleva un deber ineludible con sus respectivos territorios. La autoridad electoral agreg\u00f3 que \u201ccada uno de ustedes ha logrado el apoyo de su pueblo, de su regi\u00f3n, de su municipio, de su departamento. Sin lugar a dudas, eso es un privilegio, pero tambi\u00e9n es una obligaci\u00f3n\u201d.<\/p>\n<p style=\"text-align: justify\">En ese marco, Chacolla afirm\u00f3 que \u201ca ninguno de ustedes les han regalado este cargo, ustedes se lo han ganado\u201d, por lo que encomend\u00f3 a los presentes a trabajar por el progreso de sus municipios y el departamento e insisti\u00f3 que \u201cesta credencial que les vamos a entregar hoy d\u00eda representa eso, pero tambi\u00e9n representa un compromiso para con su regi\u00f3n\u201d.<\/p>\n<p style=\"text-align: justify\">A lo largo del acto, que se extendi\u00f3 por alrededor de tres horas, las nuevas autoridades bajaron una a una al escenario principal para obtener sus acreditaciones en medio de aplausos y flashes.<\/p>\n<p style=\"text-align: justify\">Esta entrega supone la culminaci\u00f3n de un proceso que arranc\u00f3 en noviembre de 2025 con la convocatoria para los comicios y se prolong\u00f3 hasta finales de este mes tras el desarrollo del balotaje para definir las gobernaciones en cinco departamentos, entre ellos Chuquisaca.<\/p>\n<p style=\"text-align: justify\">La nueva estructura administrativa del departamento qued\u00f3 conformada por un gobernador, 28 alcaldes, 21 asamble\u00edstas territoriales y poblacionales, y 153 concejales. A esta lista se sumar\u00e1n autoridades ind\u00edgena originario campesinas y los respectivos suplentes, elegidos por procedimientos propios.<\/p>\n<p style=\"text-align: justify\">El proceso de transici\u00f3n en las alcald\u00edas y la Gobernaci\u00f3n se encuentra pr\u00e1cticamente concluido, aunque no exento de observaciones y quejas por informaci\u00f3n insifuciente.<\/p>\n<p style=\"text-align: justify\">Las reacciones de las nuevas autoridades coincidieron en la magnitud de los retos que tendr\u00e1n que enfrentar. Varios alcaldes y concejales se\u00f1alaron que asumen sus roles \u201ccon compromiso, responsabilidad y muchos desaf\u00edos\u201d , adem\u00e1s de \u201ccon todas las ganas\u201d para sacar adelante a sus respectivos municipios.<\/p>\n<p style=\"text-align: justify\">Sin embargo, otras autoridades advirtieron que \u201cvienen d\u00edas dif\u00edciles\u201d debido al estado de las finanzas municipales y la crisis econ\u00f3mica que enfrenta el pa\u00eds. Ante este panorama, puntualizaron que har\u00e1 falta \u201ccoordinar tanto con la Gobernaci\u00f3n como con el Gobierno nacional\u201d para impulsar el desarrollo regional y salir de la crisis.<\/p>\n<p style=\"text-align: justify\">Durante el acto, el gobernador electo Luis Ayll\u00f3n y la alcaldesa electa de Sucre, F\u00e1tima Tard\u00edo, recibieron la mayor cantidad de aplausos al tratarse de las m\u00e1ximas autoridades del departamento y la capital.<\/p>\n<p style=\"text-align: justify\">Tras la culminaci\u00f3n de las subnacionales 2026, Chuquisaca cierra un ciclo e inaugura una nueva reconfiguraci\u00f3n pol\u00edtica que pone fin a la hegemon\u00eda del Movimiento Al Socialismo (MAS), que no particip\u00f3 de estas elecciones.<\/p>\n<p style=\"text-align: justify\">La Alianza Gente Nueva (AGN) mandar\u00e1 en 13 de los 28 municipios que se disputaron en los comicios recientes, lo que equivale al 46,4% del territorio, incluida la capital. El resto del poder estar\u00e1 repartido entre otras cinco agrupaciones: Por Siempre Chuquisaca (XS-CH) (siete alcald\u00edas), el Movimiento Tercer Sistema (MTS) y Libre (tres acald\u00edas cada uno) y Patria-Unidos (dos alcald\u00edas). Tras los comicios de 2021, el MAS control\u00f3 21 de los 29 municipios, el 72,41% del total.<\/p>\n<p style=\"text-align: justify\">Ayll\u00f3n: \u201cVoy a dejar la vara muy alta\u201d<\/p>\n<p style=\"text-align: justify\">El gobernador electo de Chuquisaca, Luis Ayll\u00f3n, garantiz\u00f3 una gesti\u00f3n integradora y de renovaci\u00f3n tras recibir su credencial por parte del Tribunal Electoral Departamental (TED). Luego del acto, destac\u00f3 el respaldo ciudadano obtenido en las urnas y prometi\u00f3 transformar la situaci\u00f3n del departamento durante su mandato de cinco a\u00f1os.<\/p>\n<p style=\"text-align: justify\">\u201cEstoy, la verdad, muy emocionado, muy alegre por todos los que han apostado por Luis Ayll\u00f3n. No voy a defraudar esta confianza que me est\u00e1n dando\u201d, afirm\u00f3. En esa l\u00ednea, anunci\u00f3 que su objetivo es superar las expectativas de la poblaci\u00f3n al se\u00f1alar que \u201cesta credencial, t\u00e9nganlo por seguro, que la voy a dejar en una vara muy alta cuando terminemos nuestra gesti\u00f3n\u201d.<\/p>\n<p style=\"text-align: justify\">Ayll\u00f3n valor\u00f3 la predisposici\u00f3n de los alcaldes de otras organizaciones pol\u00edticas para coordinar proyectos, un hecho que destac\u00f3 al se\u00f1alar que \u201cChuquisaca ahora s\u00ed se est\u00e1 uniendo independientemente de sus colores\u201d.<\/p>\n<p style=\"text-align: justify\">Finalmente, anticip\u00f3 que su gabinete apostar\u00e1 por nuevos perfiles profesionales. \u201cVoy a trabajar con todos, voy a estar con las puertas abiertas, con la capacidad y el equipo que voy a presentar. Tenemos un equipo joven, renovado. T\u00e9nganlo por seguro que lo vamos a hacer bien\u201d, concluy\u00f3.<\/p>\n<p style=\"text-align: justify\">Ayll\u00f3n fue felicitado por los nuevos alcaldes, incluidos los que no son de su partido.<\/p>\n<p style=\"text-align: justify\">Tard\u00edo: \u201cSucre va a renacer de sus cenizas\u201d<\/p>\n<p style=\"text-align: justify\">La alcaldesa electa de Sucre, F\u00e1tima Tard\u00edo, se mostr\u00f3 optimista tras recibir su credencial por parte del Tribunal Electoral Departamental (TED). La nueva autoridad manifest\u00f3 estar \u201cmuy emocionada, muy feliz\u201d, aunque tambi\u00e9n \u201ccon muchas emociones encontradas\u201d frente a su pr\u00f3ximo mandato. En ese marco, garantiz\u00f3 que buscar\u00e1 transformar la capital. \u201cVamos a trabajar d\u00eda y noche en un municipio m\u00e1s moderno, m\u00e1s \u00fatil, m\u00e1s eficaz en la soluci\u00f3n de problemas (de la gente)\u201d, indic\u00f3, y prometi\u00f3 \u201cobras que solucionen los problemas cotidianos del ciudadano\u201d. \u201cSucre va a renacer. Faltan pocos d\u00edas para que Sucre renazca de sus cenizas. Estamos muy esperanzados\u201d, agreg\u00f3.<\/p>\n<p style=\"text-align: justify\">Respecto al estado financiero de la Alcald\u00eda tras la transici\u00f3n, alert\u00f3 que las finanzas de la Alcald\u00eda no son las que hubiera querido. Tard\u00edo afirm\u00f3 que heredar\u00e1 \u201cun municipio con un sinf\u00edn de problemas, un municipio en la quiebra\u201d, un municipio con un presupuesto que no alcanzar\u00e1 \u201cpara nada\u201d. Ante esta situaci\u00f3n, adelant\u00f3 que buscar\u00e1 conseguir recursos externos. \u201cVamos a dedicarnos a hacer gesti\u00f3n. Hemos hablado con cooperantes, financiadores; hoy habl\u00e9 con el BID\u201d, detall\u00f3.<\/p>\n<p style=\"text-align: justify\">Finalmente, sobre la conformaci\u00f3n de su equipo de trabajo, la pr\u00f3xima Alcaldesa precis\u00f3 que buscar\u00e1 un equilibrio. Indic\u00f3 que espera que \u201cel gabiente que nos acompa\u00f1e sea plural, con la experiencia y tambi\u00e9n con la juventud\u201d.<\/p>\n<p style=\"text-align: justify\">Zud\u00e1\u00f1ez: Barriga agradece confianza y promete m\u00e1s trabajo<\/p>\n<p style=\"text-align: justify\">Cresencio Barriga fue reelecto como alcalde de Zud\u00e1\u00f1ez y agradeci\u00f3 a la poblaci\u00f3n por la confianza depositada en su gesti\u00f3n. Asegur\u00f3 que continuar\u00e1 con el trabajo realizado y que asumir\u00e1 nuevos retos para atender las necesidades de la gente.<\/p>\n<p style=\"text-align: justify\">Reconoci\u00f3 que algunos proyectos productivos quedaron inconclusos, por lo que se comprometi\u00f3 a finalizarlos en este nuevo periodo. Respecto a su cambio pol\u00edtico del MAS a la agrupaci\u00f3n Gente Nueva, se\u00f1al\u00f3 que su compromiso no responde a una sigla partidaria ni color pol\u00edtico, sino con la poblaci\u00f3n a la que representamos\u00bb.<\/p>\n<p style=\"text-align: justify\">Barriga es uno de los tres alcaldes reelectos en el departamento, junto a Cimar Rodr\u00edguez (Las Carreras) y Sabino Albarrac\u00edn (Yotala).<\/p>\n<p style=\"text-align: justify\">De la radio a la Alcald\u00eda, Alcoba insta a luchar por el Chaco<\/p>\n<p style=\"text-align: justify\">Paolo Alcoba, afirm\u00f3 que, tras m\u00e1s de 20 a\u00f1os en la radio, asume el desaf\u00edo de atender las demandas de la poblaci\u00f3n desde la Alcald\u00eda en Monteagudo.<\/p>\n<p style=\"text-align: justify\">Tambi\u00e9n asegur\u00f3 que \u201cpelear\u00e1\u201d para que el Chaco chuquisaque\u00f1o salga adelante y cuestion\u00f3 el abandono hist\u00f3rico en infraestructura, se\u00f1alando que la Diagonal Jaime Mendoza es un proyecto esperado por m\u00e1s de 50 a\u00f1os y a\u00fan sin prioridad.<\/p>\n<p style=\"text-align: justify\">Asimismo, indic\u00f3 que, una vez concluida su gesti\u00f3n, prev\u00e9 retornar a la radio con la tranquilidad de haber trabajado por temas clave como caminos y salud, evitando cuestionamientos sobre falta de acci\u00f3n como autoridad.<\/p>\n<p style=\"text-align: justify\">Primera alcaldesa de pollera se enfoca en obras y turismo<\/p>\n<p style=\"text-align: justify\">Lidia Galean, alcaldesa de Villa Abecia, destac\u00f3 los proyectos que prev\u00e9 encarar en su gesti\u00f3n y resalt\u00f3 su designaci\u00f3n como la primera autoridad \u201cde pollera\u201d en ese municipio.<\/p>\n<p style=\"text-align: justify\">\u201cMuy orgullosa de ser la alcaldesa de pollera, representando al campo, a mis comunidades y principalmente a las mujeres luchadoras\u201d, expres\u00f3. Asimismo, se\u00f1al\u00f3 que cuenta con experiencia en la funci\u00f3n p\u00fablica y una trayectoria dirigencial que respalda su trabajo. \u201cSoy una mujer emprendedora que pelear\u00e1 por su regi\u00f3n\u201d, afirm\u00f3.<\/p>\n<p style=\"text-align: justify\">Entre las principales necesidades, Galean mencion\u00f3 la mejora de caminos para facilitar la salida de productos. Tambi\u00e9n apunt\u00f3 al potencial tur\u00edstico y productivo de la zona, aunque reconoci\u00f3 la falta de promoci\u00f3n.<\/p>\n<p style=\"text-align: justify\">Ontiveros pide apoyo y unidad para impulsar Padilla<\/p>\n<p style=\"text-align: justify\">Luis Ontiveros, alcalde de Padilla, afirm\u00f3 que trabajar\u00e1 con responsabilidad y pidi\u00f3 a las organizaciones sociales del campo y la ciudad mantener el apoyo que permiti\u00f3 su llegada al cargo, con el objetivo de impulsar el desarrollo del municipio. \u201cNo nos dejen, que nos apoyen\u201d, expres\u00f3.<\/p>\n<p style=\"text-align: justify\">La autoridad reconoci\u00f3 la dif\u00edcil situaci\u00f3n econ\u00f3mica del pa\u00eds, pero asegur\u00f3 que realizar\u00e1 gestiones y tocar\u00e1 puertas para enfrentar los desaf\u00edos. En ese marco, destac\u00f3 que la unidad de los padillenses ser\u00e1 clave para alcanzar los objetivos.<\/p>\n<p style=\"text-align: justify\">Asimismo, agradeci\u00f3 a los j\u00f3venes, productores y familias que respaldaron su candidatura y asegur\u00f3 que su gesti\u00f3n estar\u00e1 enfocada en un solo objetivo: el progreso del municipio.<\/p>\n<p style=\"text-align: justify\">Flores reclama por agua y caminos para Huacareta<\/p>\n<p style=\"text-align: justify\">La concejala de San Pablo de Huacareta, \u00c1ngela Flores, destac\u00f3 durante el acto de entrega de credenciales en Sucre al lucir un tipoy, vestimenta tradicional de la cultura guaran\u00ed, y aprovech\u00f3 la ocasi\u00f3n para referirse a las principales necesidades de su regi\u00f3n.<\/p>\n<p style=\"text-align: justify\">\u201cBuscaremos que los proyectos lleguen a las comunidades que realmente lo necesiten. El tema del agua es fundamental, porque es triste ver cada a\u00f1o morir al ganado por su falta\u201d, expres\u00f3. Asimismo, se\u00f1al\u00f3 que la mejora de caminos es otra prioridad y pidi\u00f3 mayor intervenci\u00f3n del Sedcam, especialmente en \u00e9poca de lluvias, cuando se dificulta el traslado de productos desde las comunidades para su comercializaci\u00f3n.ACTO. La entrega de credenciales a las nuevas autoridades municipales y departamentales en el Centro Internacional de Convenciones y Cultura, este martes.<\/p>\n","protected":false},"excerpt":{"rendered":"<p>Un total de 410 autoridades electas de Chuquisaca recibieron este martes en Sucre sus credenciales, en un acto con el que se cerr\u00f3 formalmente el calendario electoral de las subnacionales 2026 rumbo a la asunci\u00f3n de alcaldes, gobernadores, concejales y asamble\u00edstas departamentales el pr\u00f3ximo lunes 4 de mayo. La ceremonia tuvo lugar en el Centro [&hellip;]<\/p>\n","protected":false},"author":1,"featured_media":86523,"comment_status":"closed","ping_status":"open","sticky":false,"template":"","format":"standard","meta":{"footnotes":""},"categories":[18,48,46],"tags":[],"class_list":{"0":"post-86522","1":"post","2":"type-post","3":"status-publish","4":"format-standard","5":"has-post-thumbnail","7":"category-politica","8":"category-portada-general-sitio","9":"category-portada-politica"},"_links":{"self":[{"href":"https:\/\/jms.com.bo\/mediamonitor\/wp-json\/wp\/v2\/posts\/86522","targetHints":{"allow":["GET"]}}],"collection":[{"href":"https:\/\/jms.com.bo\/mediamonitor\/wp-json\/wp\/v2\/posts"}],"about":[{"href":"https:\/\/jms.com.bo\/mediamonitor\/wp-json\/wp\/v2\/types\/post"}],"author":[{"embeddable":true,"href":"https:\/\/jms.com.bo\/mediamonitor\/wp-json\/wp\/v2\/users\/1"}],"replies":[{"embeddable":true,"href":"https:\/\/jms.com.bo\/mediamonitor\/wp-json\/wp\/v2\/comments?post=86522"}],"version-history":[{"count":0,"href":"https:\/\/jms.com.bo\/mediamonitor\/wp-json\/wp\/v2\/posts\/86522\/revisions"}],"wp:featuredmedia":[{"embeddable":true,"href":"https:\/\/jms.com.bo\/mediamonitor\/wp-json\/wp\/v2\/media\/86523"}],"wp:attachment":[{"href":"https:\/\/jms.com.bo\/mediamonitor\/wp-json\/wp\/v2\/media?parent=86522"}],"wp:term":[{"taxonomy":"category","embeddable":true,"href":"https:\/\/jms.com.bo\/mediamonitor\/wp-json\/wp\/v2\/categories?post=86522"},{"taxonomy":"post_tag","embeddable":true,"href":"https:\/\/jms.com.bo\/mediamonitor\/wp-json\/wp\/v2\/tags?post=86522"}],"curies":[{"name":"wp","href":"https:\/\/api.w.org\/{rel}","templated":true}]}}